{"id":15958,"date":"2020-06-02T12:49:20","date_gmt":"2020-06-02T10:49:20","guid":{"rendered":"https:\/\/www.june-illustration.com\/agencia-de-ilustracion-ilustradores-juan-pablo-mendez\/"},"modified":"2021-04-06T14:31:21","modified_gmt":"2021-04-06T12:31:21","slug":"agencia-de-ilustracion-ilustradores-juan-pablo-mendez","status":"publish","type":"post","link":"https:\/\/www.june-illustration.com\/en\/agencia-de-ilustracion-ilustradores-juan-pablo-mendez\/","title":{"rendered":"Juan Pablo M\u00e9ndez"},"content":{"rendered":"<div class=\"fusion-fullwidth fullwidth-box fusion-builder-row-1 hundred-percent-fullwidth non-hundred-percent-height-scrolling\" style=\"--awb-border-radius-top-left:0px;--awb-border-radius-top-right:0px;--awb-border-radius-bottom-right:0px;--awb-border-radius-bottom-left:0px;--awb-overflow:visible;--awb-flex-wrap:wrap;\" ><div class=\"fusion-builder-row fusion-row\"><div class=\"fusion-layout-column fusion_builder_column fusion-builder-column-0 fusion_builder_column_1_1 1_1 fusion-one-full fusion-column-first fusion-column-last fusion-column-no-min-height\" style=\"--awb-bg-size:cover;--awb-margin-bottom:0px;\"><div class=\"fusion-column-wrapper fusion-flex-column-wrapper-legacy\"><div class=\"accordian fusion-accordian\" style=\"--awb-border-size:1px;--awb-icon-size:13px;--awb-content-font-size:15px;--awb-icon-alignment:left;--awb-hover-color:#f9f9f9;--awb-border-color:#cccccc;--awb-background-color:#ffffff;--awb-divider-color:#ffffff;--awb-divider-hover-color:#ffffff;--awb-icon-color:#ffffff;--awb-title-color:#333333;--awb-content-color:#747474;--awb-icon-box-color:#333333;--awb-toggle-hover-accent-color:#9b7c4f;--awb-title-font-family:&quot;Open Sans&quot;;--awb-title-font-weight:regular;--awb-title-font-style:normal;--awb-title-font-size:20px;--awb-content-font-family:&quot;Open Sans&quot;;--awb-content-font-style:normal;--awb-content-font-weight:regular;\"><div class=\"panel-group fusion-toggle-icon-boxed\" id=\"accordion-15958-1\"><div class=\"fusion-panel panel-default panel-e2f582ebe196ba4ae fusion-toggle-has-divider\"><div class=\"panel-heading\"><h4 class=\"panel-title toggle\" id=\"toggle_e2f582ebe196ba4ae\"><a aria-expanded=\"false\" aria-controls=\"e2f582ebe196ba4ae\" role=\"button\" data-toggle=\"collapse\" data-parent=\"#accordion-15958-1\" data-target=\"#e2f582ebe196ba4ae\" href=\"#e2f582ebe196ba4ae\"><span class=\"fusion-toggle-icon-wrapper\" aria-hidden=\"true\"><i class=\"fa-fusion-box active-icon awb-icon-minus\" aria-hidden=\"true\"><\/i><i class=\"fa-fusion-box inactive-icon awb-icon-plus\" aria-hidden=\"true\"><\/i><\/span><span class=\"fusion-toggle-heading\">Biography of \/ Biograf\u00eda de Juan Pablo M\u00e9ndez<\/span><\/a><\/h4><\/div><div id=\"e2f582ebe196ba4ae\" class=\"panel-collapse collapse \" aria-labelledby=\"toggle_e2f582ebe196ba4ae\"><div class=\"panel-body toggle-content fusion-clearfix\">My name is Juan Pablo Mendez and I\u2019m a colombian Illustrator. I studied Visual Arts career with an emphasis on Graphic Expression at <em>Pontifica Universidad Javeriana<\/em>, Bogot\u00e1. To this day I have worked illustrating proyects such as school book, poetry book, storybook and children book for clients such as <em>Editorial Planeta Colombia<\/em>, <em>Colegio<\/em> <em>Gimansio Campestre<\/em>, and independent authors. I have also participated in exhibitions such as <em>Emergente IV<\/em> and <em>Letras Ilustradas Bello 2019<\/em>.<\/p>\n<p>Lately I renewed my style, which allowed me to be more versatile and to create my own universe as an illustrator. I mainly do vectorial illustration, taking advantage of all the possibilities this offers and at the same time I like to experiment different techniques digital and manual. I master tools such as Photoshop, Illustrator, Indesign, watercolors and color pencils.<\/p>\n<p>&#8230;&#8230;&#8230;&#8230;&#8230;&#8230;&#8230;&#8230;&#8230;&#8230;&#8230;&#8230;&#8230;&#8230;&#8230;&#8230;&#8230;&#8230;&#8230;&#8230;&#8230;&#8230;&#8230;&#8230;&#8230;&#8230;<\/p>\n<p>Mi nombre es Juan Pablo M\u00e9ndez y soy un ilustrador colombiano. Estudi\u00e9 la carrera de Artes Visuales con \u00e9nfasis en expresi\u00f3n gr\u00e1fica en la Pontificia Universidad Javeriana de Bogot\u00e1. Hasta el d\u00eda de hoy he tenido la oportunidad de trabajar ilustrando proyectos tales como libro escolar, libro de poes\u00eda, libro de cuentos y libro \u00e1lbum para clientes como Editorial Planeta Colombia, Colegio Gimnasio Campestre y para autores independientes. Tambi\u00e9n he participado en exposiciones tales como Emergente IV y Letras Ilustradas Bello 2019.<\/p>\n<p>En los \u00faltimos tiempos he renovado mi estilo, lo cu\u00e1l me ha permitido ser mas vers\u00e1til y crear mi propio universo como ilustrador. Me dedico principalmente a hacer ilustraci\u00f3n vectorial, sacando provecho de todas las posibilidades que esto ofrece. Sin embargo, me gusta experimentar con diferentes t\u00e9cnicas, tanto digitales como manuales. Tengo dominio de herramientas tales como Photoshop, Illustrator, Indesign, acuarelas y l\u00e1pices de color.<\/div><\/div><\/div><\/div><\/div><div class=\"fusion-clearfix\"><\/div><\/div><\/div><div class=\"fusion-layout-column fusion_builder_column fusion-builder-column-1 fusion_builder_column_1_1 1_1 fusion-one-full fusion-column-first fusion-column-last fusion-column-no-min-height\" style=\"--awb-bg-size:cover;--awb-margin-bottom:0px;\"><div class=\"fusion-column-wrapper fusion-flex-column-wrapper-legacy\"><div class=\"fusion-text fusion-text-1\">\n\t\t<style type=\"text\/css\">\n\t\t\t#gallery-1 {\n\t\t\t\tmargin: auto;\n\t\t\t}\n\t\t\t#gallery-1 .gallery-item {\n\t\t\t\tfloat: left;\n\t\t\t\tmargin-top: 10px;\n\t\t\t\ttext-align: center;\n\t\t\t\twidth: 100%;\n\t\t\t}\n\t\t\t#gallery-1 img {\n\t\t\t\tborder: 2px solid #cfcfcf;\n\t\t\t}\n\t\t\t#gallery-1 .gallery-caption {\n\t\t\t\tmargin-left: 0;\n\t\t\t}\n\t\t\t\/* see gallery_shortcode() in wp-includes\/media.php *\/\n\t\t<\/style>\n\t\t<div id='gallery-1' class='gallery galleryid-15958 gallery-columns-1 gallery-size-full'><dl class='gallery-item'>\n\t\t\t<dt class='gallery-icon landscape'>\n\t\t\t\t<a data-rel=\"iLightbox[postimages]\" data-title=\"ilustrador Juan Pablo M\u00e9ndez, ilustraci\u00f3n 1\" data-caption=\"\" href='https:\/\/www.june-illustration.com\/wp-content\/uploads\/ilustrador-juan-pablo-mendez-ilustracion-1.jpg'><img decoding=\"async\" width=\"800\" height=\"800\" src=\"https:\/\/www.june-illustration.com\/wp-content\/uploads\/ilustrador-juan-pablo-mendez-ilustracion-1.jpg\" class=\"attachment-full size-full\" alt=\"\" srcset=\"https:\/\/www.june-illustration.com\/wp-content\/uploads\/ilustrador-juan-pablo-mendez-ilustracion-1-66x66.jpg 66w, https:\/\/www.june-illustration.com\/wp-content\/uploads\/ilustrador-juan-pablo-mendez-ilustracion-1-150x150.jpg 150w, https:\/\/www.june-illustration.com\/wp-content\/uploads\/ilustrador-juan-pablo-mendez-ilustracion-1-200x200.jpg 200w, https:\/\/www.june-illustration.com\/wp-content\/uploads\/ilustrador-juan-pablo-mendez-ilustracion-1-300x300.jpg 300w, https:\/\/www.june-illustration.com\/wp-content\/uploads\/ilustrador-juan-pablo-mendez-ilustracion-1-400x400.jpg 400w, https:\/\/www.june-illustration.com\/wp-content\/uploads\/ilustrador-juan-pablo-mendez-ilustracion-1-600x600.jpg 600w, https:\/\/www.june-illustration.com\/wp-content\/uploads\/ilustrador-juan-pablo-mendez-ilustracion-1-768x768.jpg 768w, https:\/\/www.june-illustration.com\/wp-content\/uploads\/ilustrador-juan-pablo-mendez-ilustracion-1.jpg 800w\" sizes=\"(max-width: 800px) 100vw, 800px\" \/><\/a>\n\t\t\t<\/dt><\/dl><br style=\"clear: both\" \/><dl class='gallery-item'>\n\t\t\t<dt class='gallery-icon landscape'>\n\t\t\t\t<a data-rel=\"iLightbox[postimages]\" data-title=\"ilustrador Juan Pablo M\u00e9ndez, ilustraci\u00f3n Mariposa Azul\" data-caption=\"\" href='https:\/\/www.june-illustration.com\/wp-content\/uploads\/ilustrador-juan-pablo-mendez-ilustracion-mariposa-azul.jpg'><img decoding=\"async\" width=\"800\" height=\"800\" src=\"https:\/\/www.june-illustration.com\/wp-content\/uploads\/ilustrador-juan-pablo-mendez-ilustracion-mariposa-azul.jpg\" class=\"attachment-full size-full\" alt=\"\" srcset=\"https:\/\/www.june-illustration.com\/wp-content\/uploads\/ilustrador-juan-pablo-mendez-ilustracion-mariposa-azul-66x66.jpg 66w, https:\/\/www.june-illustration.com\/wp-content\/uploads\/ilustrador-juan-pablo-mendez-ilustracion-mariposa-azul-150x150.jpg 150w, https:\/\/www.june-illustration.com\/wp-content\/uploads\/ilustrador-juan-pablo-mendez-ilustracion-mariposa-azul-200x200.jpg 200w, https:\/\/www.june-illustration.com\/wp-content\/uploads\/ilustrador-juan-pablo-mendez-ilustracion-mariposa-azul-300x300.jpg 300w, https:\/\/www.june-illustration.com\/wp-content\/uploads\/ilustrador-juan-pablo-mendez-ilustracion-mariposa-azul-400x400.jpg 400w, https:\/\/www.june-illustration.com\/wp-content\/uploads\/ilustrador-juan-pablo-mendez-ilustracion-mariposa-azul-600x600.jpg 600w, https:\/\/www.june-illustration.com\/wp-content\/uploads\/ilustrador-juan-pablo-mendez-ilustracion-mariposa-azul-768x768.jpg 768w, https:\/\/www.june-illustration.com\/wp-content\/uploads\/ilustrador-juan-pablo-mendez-ilustracion-mariposa-azul.jpg 800w\" sizes=\"(max-width: 800px) 100vw, 800px\" \/><\/a>\n\t\t\t<\/dt><\/dl><br style=\"clear: both\" \/><dl class='gallery-item'>\n\t\t\t<dt class='gallery-icon landscape'>\n\t\t\t\t<a data-rel=\"iLightbox[postimages]\" data-title=\"ilustrador Juan Pablo M\u00e9ndez, ilustraci\u00f3n 13\" data-caption=\"\" href='https:\/\/www.june-illustration.com\/wp-content\/uploads\/ilustrador-juan-pablo-mendez-ilustracion-13.jpg'><img decoding=\"async\" width=\"1200\" height=\"800\" src=\"https:\/\/www.june-illustration.com\/wp-content\/uploads\/ilustrador-juan-pablo-mendez-ilustracion-13.jpg\" class=\"attachment-full size-full\" alt=\"\" srcset=\"https:\/\/www.june-illustration.com\/wp-content\/uploads\/ilustrador-juan-pablo-mendez-ilustracion-13-200x133.jpg 200w, https:\/\/www.june-illustration.com\/wp-content\/uploads\/ilustrador-juan-pablo-mendez-ilustracion-13-300x200.jpg 300w, https:\/\/www.june-illustration.com\/wp-content\/uploads\/ilustrador-juan-pablo-mendez-ilustracion-13-400x267.jpg 400w, https:\/\/www.june-illustration.com\/wp-content\/uploads\/ilustrador-juan-pablo-mendez-ilustracion-13-600x400.jpg 600w, https:\/\/www.june-illustration.com\/wp-content\/uploads\/ilustrador-juan-pablo-mendez-ilustracion-13-768x512.jpg 768w, https:\/\/www.june-illustration.com\/wp-content\/uploads\/ilustrador-juan-pablo-mendez-ilustracion-13-800x533.jpg 800w, https:\/\/www.june-illustration.com\/wp-content\/uploads\/ilustrador-juan-pablo-mendez-ilustracion-13-1024x683.jpg 1024w, https:\/\/www.june-illustration.com\/wp-content\/uploads\/ilustrador-juan-pablo-mendez-ilustracion-13.jpg 1200w\" sizes=\"(max-width: 1200px) 100vw, 1200px\" \/><\/a>\n\t\t\t<\/dt><\/dl><br style=\"clear: both\" \/><dl class='gallery-item'>\n\t\t\t<dt class='gallery-icon portrait'>\n\t\t\t\t<a data-rel=\"iLightbox[postimages]\" data-title=\"ilustrador Juan Pablo M\u00e9ndez, ilustraci\u00f3n 11\" data-caption=\"\" href='https:\/\/www.june-illustration.com\/wp-content\/uploads\/ilustrador-juan-pablo-mendez-ilustracion-11.jpg'><img decoding=\"async\" width=\"600\" height=\"800\" src=\"https:\/\/www.june-illustration.com\/wp-content\/uploads\/ilustrador-juan-pablo-mendez-ilustracion-11.jpg\" class=\"attachment-full size-full\" alt=\"\" srcset=\"https:\/\/www.june-illustration.com\/wp-content\/uploads\/ilustrador-juan-pablo-mendez-ilustracion-11-200x267.jpg 200w, https:\/\/www.june-illustration.com\/wp-content\/uploads\/ilustrador-juan-pablo-mendez-ilustracion-11-225x300.jpg 225w, https:\/\/www.june-illustration.com\/wp-content\/uploads\/ilustrador-juan-pablo-mendez-ilustracion-11-400x533.jpg 400w, https:\/\/www.june-illustration.com\/wp-content\/uploads\/ilustrador-juan-pablo-mendez-ilustracion-11.jpg 600w\" sizes=\"(max-width: 600px) 100vw, 600px\" \/><\/a>\n\t\t\t<\/dt><\/dl><br style=\"clear: both\" \/><dl class='gallery-item'>\n\t\t\t<dt class='gallery-icon portrait'>\n\t\t\t\t<a data-rel=\"iLightbox[postimages]\" data-title=\"ilustrador Juan Pablo M\u00e9ndez, ilustraci\u00f3n 12\" data-caption=\"\" href='https:\/\/www.june-illustration.com\/wp-content\/uploads\/ilustrador-juan-pablo-mendez-ilustracion-12.jpg'><img decoding=\"async\" width=\"600\" height=\"800\" src=\"https:\/\/www.june-illustration.com\/wp-content\/uploads\/ilustrador-juan-pablo-mendez-ilustracion-12.jpg\" class=\"attachment-full size-full\" alt=\"\" srcset=\"https:\/\/www.june-illustration.com\/wp-content\/uploads\/ilustrador-juan-pablo-mendez-ilustracion-12-200x267.jpg 200w, https:\/\/www.june-illustration.com\/wp-content\/uploads\/ilustrador-juan-pablo-mendez-ilustracion-12-225x300.jpg 225w, https:\/\/www.june-illustration.com\/wp-content\/uploads\/ilustrador-juan-pablo-mendez-ilustracion-12-400x533.jpg 400w, https:\/\/www.june-illustration.com\/wp-content\/uploads\/ilustrador-juan-pablo-mendez-ilustracion-12.jpg 600w\" sizes=\"(max-width: 600px) 100vw, 600px\" \/><\/a>\n\t\t\t<\/dt><\/dl><br style=\"clear: both\" \/><dl class='gallery-item'>\n\t\t\t<dt class='gallery-icon landscape'>\n\t\t\t\t<a data-rel=\"iLightbox[postimages]\" data-title=\"ilustrador Juan Pablo M\u00e9ndez, ilustraci\u00f3n 10\" data-caption=\"\" href='https:\/\/www.june-illustration.com\/wp-content\/uploads\/ilustrador-juan-pablo-mendez-ilustracion-10.jpg'><img decoding=\"async\" width=\"800\" height=\"800\" src=\"https:\/\/www.june-illustration.com\/wp-content\/uploads\/ilustrador-juan-pablo-mendez-ilustracion-10.jpg\" class=\"attachment-full size-full\" alt=\"\" srcset=\"https:\/\/www.june-illustration.com\/wp-content\/uploads\/ilustrador-juan-pablo-mendez-ilustracion-10-66x66.jpg 66w, https:\/\/www.june-illustration.com\/wp-content\/uploads\/ilustrador-juan-pablo-mendez-ilustracion-10-150x150.jpg 150w, https:\/\/www.june-illustration.com\/wp-content\/uploads\/ilustrador-juan-pablo-mendez-ilustracion-10-200x200.jpg 200w, https:\/\/www.june-illustration.com\/wp-content\/uploads\/ilustrador-juan-pablo-mendez-ilustracion-10-300x300.jpg 300w, https:\/\/www.june-illustration.com\/wp-content\/uploads\/ilustrador-juan-pablo-mendez-ilustracion-10-400x400.jpg 400w, https:\/\/www.june-illustration.com\/wp-content\/uploads\/ilustrador-juan-pablo-mendez-ilustracion-10-600x600.jpg 600w, https:\/\/www.june-illustration.com\/wp-content\/uploads\/ilustrador-juan-pablo-mendez-ilustracion-10-768x768.jpg 768w, https:\/\/www.june-illustration.com\/wp-content\/uploads\/ilustrador-juan-pablo-mendez-ilustracion-10.jpg 800w\" sizes=\"(max-width: 800px) 100vw, 800px\" \/><\/a>\n\t\t\t<\/dt><\/dl><br style=\"clear: both\" \/><dl class='gallery-item'>\n\t\t\t<dt class='gallery-icon portrait'>\n\t\t\t\t<a data-rel=\"iLightbox[postimages]\" data-title=\"ilustrador Juan Pablo M\u00e9ndez, ilustraci\u00f3n 14\" data-caption=\"\" href='https:\/\/www.june-illustration.com\/wp-content\/uploads\/ilustrador-juan-pablo-mendez-ilustracion-14.jpg'><img decoding=\"async\" width=\"720\" height=\"800\" src=\"https:\/\/www.june-illustration.com\/wp-content\/uploads\/ilustrador-juan-pablo-mendez-ilustracion-14.jpg\" class=\"attachment-full size-full\" alt=\"\" srcset=\"https:\/\/www.june-illustration.com\/wp-content\/uploads\/ilustrador-juan-pablo-mendez-ilustracion-14-200x222.jpg 200w, https:\/\/www.june-illustration.com\/wp-content\/uploads\/ilustrador-juan-pablo-mendez-ilustracion-14-270x300.jpg 270w, https:\/\/www.june-illustration.com\/wp-content\/uploads\/ilustrador-juan-pablo-mendez-ilustracion-14-400x444.jpg 400w, https:\/\/www.june-illustration.com\/wp-content\/uploads\/ilustrador-juan-pablo-mendez-ilustracion-14-600x667.jpg 600w, https:\/\/www.june-illustration.com\/wp-content\/uploads\/ilustrador-juan-pablo-mendez-ilustracion-14.jpg 720w\" sizes=\"(max-width: 720px) 100vw, 720px\" \/><\/a>\n\t\t\t<\/dt><\/dl><br style=\"clear: both\" \/><dl class='gallery-item'>\n\t\t\t<dt class='gallery-icon landscape'>\n\t\t\t\t<a data-rel=\"iLightbox[postimages]\" data-title=\"ilustrador Juan Pablo M\u00e9ndez, ilustraci\u00f3n 18\" data-caption=\"\" href='https:\/\/www.june-illustration.com\/wp-content\/uploads\/ilustrador-juan-pablo-mendez-ilustracion-18.jpg'><img decoding=\"async\" width=\"1200\" height=\"800\" src=\"https:\/\/www.june-illustration.com\/wp-content\/uploads\/ilustrador-juan-pablo-mendez-ilustracion-18.jpg\" class=\"attachment-full size-full\" alt=\"\" srcset=\"https:\/\/www.june-illustration.com\/wp-content\/uploads\/ilustrador-juan-pablo-mendez-ilustracion-18-200x133.jpg 200w, https:\/\/www.june-illustration.com\/wp-content\/uploads\/ilustrador-juan-pablo-mendez-ilustracion-18-300x200.jpg 300w, https:\/\/www.june-illustration.com\/wp-content\/uploads\/ilustrador-juan-pablo-mendez-ilustracion-18-400x267.jpg 400w, https:\/\/www.june-illustration.com\/wp-content\/uploads\/ilustrador-juan-pablo-mendez-ilustracion-18-600x400.jpg 600w, https:\/\/www.june-illustration.com\/wp-content\/uploads\/ilustrador-juan-pablo-mendez-ilustracion-18-768x512.jpg 768w, https:\/\/www.june-illustration.com\/wp-content\/uploads\/ilustrador-juan-pablo-mendez-ilustracion-18-800x533.jpg 800w, https:\/\/www.june-illustration.com\/wp-content\/uploads\/ilustrador-juan-pablo-mendez-ilustracion-18-1024x683.jpg 1024w, https:\/\/www.june-illustration.com\/wp-content\/uploads\/ilustrador-juan-pablo-mendez-ilustracion-18.jpg 1200w\" sizes=\"(max-width: 1200px) 100vw, 1200px\" \/><\/a>\n\t\t\t<\/dt><\/dl><br style=\"clear: both\" \/><dl class='gallery-item'>\n\t\t\t<dt class='gallery-icon landscape'>\n\t\t\t\t<a data-rel=\"iLightbox[postimages]\" data-title=\"ilustrador Juan Pablo M\u00e9ndez, ilustraci\u00f3n 17\" data-caption=\"\" href='https:\/\/www.june-illustration.com\/wp-content\/uploads\/ilustrador-juan-pablo-mendez-ilustracion-17.jpg'><img decoding=\"async\" width=\"1200\" height=\"800\" src=\"https:\/\/www.june-illustration.com\/wp-content\/uploads\/ilustrador-juan-pablo-mendez-ilustracion-17.jpg\" class=\"attachment-full size-full\" alt=\"\" srcset=\"https:\/\/www.june-illustration.com\/wp-content\/uploads\/ilustrador-juan-pablo-mendez-ilustracion-17-200x133.jpg 200w, https:\/\/www.june-illustration.com\/wp-content\/uploads\/ilustrador-juan-pablo-mendez-ilustracion-17-300x200.jpg 300w, https:\/\/www.june-illustration.com\/wp-content\/uploads\/ilustrador-juan-pablo-mendez-ilustracion-17-400x267.jpg 400w, https:\/\/www.june-illustration.com\/wp-content\/uploads\/ilustrador-juan-pablo-mendez-ilustracion-17-600x400.jpg 600w, https:\/\/www.june-illustration.com\/wp-content\/uploads\/ilustrador-juan-pablo-mendez-ilustracion-17-768x512.jpg 768w, https:\/\/www.june-illustration.com\/wp-content\/uploads\/ilustrador-juan-pablo-mendez-ilustracion-17-800x533.jpg 800w, https:\/\/www.june-illustration.com\/wp-content\/uploads\/ilustrador-juan-pablo-mendez-ilustracion-17-1024x683.jpg 1024w, https:\/\/www.june-illustration.com\/wp-content\/uploads\/ilustrador-juan-pablo-mendez-ilustracion-17.jpg 1200w\" sizes=\"(max-width: 1200px) 100vw, 1200px\" \/><\/a>\n\t\t\t<\/dt><\/dl><br style=\"clear: both\" \/><dl class='gallery-item'>\n\t\t\t<dt class='gallery-icon landscape'>\n\t\t\t\t<a data-rel=\"iLightbox[postimages]\" data-title=\"ilustrador Juan Pablo M\u00e9ndez, ilustraci\u00f3n 16\" data-caption=\"\" href='https:\/\/www.june-illustration.com\/wp-content\/uploads\/ilustrador-juan-pablo-mendez-ilustracion-16.jpg'><img decoding=\"async\" width=\"1200\" height=\"800\" src=\"https:\/\/www.june-illustration.com\/wp-content\/uploads\/ilustrador-juan-pablo-mendez-ilustracion-16.jpg\" class=\"attachment-full size-full\" alt=\"\" srcset=\"https:\/\/www.june-illustration.com\/wp-content\/uploads\/ilustrador-juan-pablo-mendez-ilustracion-16-200x133.jpg 200w, https:\/\/www.june-illustration.com\/wp-content\/uploads\/ilustrador-juan-pablo-mendez-ilustracion-16-300x200.jpg 300w, https:\/\/www.june-illustration.com\/wp-content\/uploads\/ilustrador-juan-pablo-mendez-ilustracion-16-400x267.jpg 400w, https:\/\/www.june-illustration.com\/wp-content\/uploads\/ilustrador-juan-pablo-mendez-ilustracion-16-600x400.jpg 600w, https:\/\/www.june-illustration.com\/wp-content\/uploads\/ilustrador-juan-pablo-mendez-ilustracion-16-768x512.jpg 768w, https:\/\/www.june-illustration.com\/wp-content\/uploads\/ilustrador-juan-pablo-mendez-ilustracion-16-800x533.jpg 800w, https:\/\/www.june-illustration.com\/wp-content\/uploads\/ilustrador-juan-pablo-mendez-ilustracion-16-1024x683.jpg 1024w, https:\/\/www.june-illustration.com\/wp-content\/uploads\/ilustrador-juan-pablo-mendez-ilustracion-16.jpg 1200w\" sizes=\"(max-width: 1200px) 100vw, 1200px\" \/><\/a>\n\t\t\t<\/dt><\/dl><br style=\"clear: both\" \/><dl class='gallery-item'>\n\t\t\t<dt class='gallery-icon landscape'>\n\t\t\t\t<a data-rel=\"iLightbox[postimages]\" data-title=\"ilustrador Juan Pablo M\u00e9ndez, ilustraci\u00f3n 15\" data-caption=\"\" href='https:\/\/www.june-illustration.com\/wp-content\/uploads\/ilustrador-juan-pablo-mendez-ilustracion-15.jpg'><img decoding=\"async\" width=\"1193\" height=\"800\" src=\"https:\/\/www.june-illustration.com\/wp-content\/uploads\/ilustrador-juan-pablo-mendez-ilustracion-15.jpg\" class=\"attachment-full size-full\" alt=\"\" srcset=\"https:\/\/www.june-illustration.com\/wp-content\/uploads\/ilustrador-juan-pablo-mendez-ilustracion-15-200x134.jpg 200w, https:\/\/www.june-illustration.com\/wp-content\/uploads\/ilustrador-juan-pablo-mendez-ilustracion-15-300x201.jpg 300w, https:\/\/www.june-illustration.com\/wp-content\/uploads\/ilustrador-juan-pablo-mendez-ilustracion-15-400x268.jpg 400w, https:\/\/www.june-illustration.com\/wp-content\/uploads\/ilustrador-juan-pablo-mendez-ilustracion-15-600x402.jpg 600w, https:\/\/www.june-illustration.com\/wp-content\/uploads\/ilustrador-juan-pablo-mendez-ilustracion-15-768x515.jpg 768w, https:\/\/www.june-illustration.com\/wp-content\/uploads\/ilustrador-juan-pablo-mendez-ilustracion-15-800x536.jpg 800w, https:\/\/www.june-illustration.com\/wp-content\/uploads\/ilustrador-juan-pablo-mendez-ilustracion-15-1024x687.jpg 1024w, https:\/\/www.june-illustration.com\/wp-content\/uploads\/ilustrador-juan-pablo-mendez-ilustracion-15.jpg 1193w\" sizes=\"(max-width: 1193px) 100vw, 1193px\" \/><\/a>\n\t\t\t<\/dt><\/dl><br style=\"clear: both\" \/><dl class='gallery-item'>\n\t\t\t<dt class='gallery-icon portrait'>\n\t\t\t\t<a data-rel=\"iLightbox[postimages]\" data-title=\"ilustrador Juan Pablo M\u00e9ndez, ilustraci\u00f3n 19\" data-caption=\"\" href='https:\/\/www.june-illustration.com\/wp-content\/uploads\/ilustrador-juan-pablo-mendez-ilustracion-19.jpg'><img decoding=\"async\" width=\"678\" height=\"800\" src=\"https:\/\/www.june-illustration.com\/wp-content\/uploads\/ilustrador-juan-pablo-mendez-ilustracion-19.jpg\" class=\"attachment-full size-full\" alt=\"\" srcset=\"https:\/\/www.june-illustration.com\/wp-content\/uploads\/ilustrador-juan-pablo-mendez-ilustracion-19-200x236.jpg 200w, https:\/\/www.june-illustration.com\/wp-content\/uploads\/ilustrador-juan-pablo-mendez-ilustracion-19-254x300.jpg 254w, https:\/\/www.june-illustration.com\/wp-content\/uploads\/ilustrador-juan-pablo-mendez-ilustracion-19-400x472.jpg 400w, https:\/\/www.june-illustration.com\/wp-content\/uploads\/ilustrador-juan-pablo-mendez-ilustracion-19-600x708.jpg 600w, https:\/\/www.june-illustration.com\/wp-content\/uploads\/ilustrador-juan-pablo-mendez-ilustracion-19.jpg 678w\" sizes=\"(max-width: 678px) 100vw, 678px\" \/><\/a>\n\t\t\t<\/dt><\/dl><br style=\"clear: both\" \/><dl class='gallery-item'>\n\t\t\t<dt class='gallery-icon portrait'>\n\t\t\t\t<a data-rel=\"iLightbox[postimages]\" data-title=\"ilustrador juan pablo mendez ilustraci\u00f3n forastero 1\" data-caption=\"\" href='https:\/\/www.june-illustration.com\/wp-content\/uploads\/ilustrador-juan-pablo-mendez-ilustracion-20-forastero.jpg'><img decoding=\"async\" width=\"799\" height=\"800\" src=\"https:\/\/www.june-illustration.com\/wp-content\/uploads\/ilustrador-juan-pablo-mendez-ilustracion-20-forastero.jpg\" class=\"attachment-full size-full\" alt=\"\" srcset=\"https:\/\/www.june-illustration.com\/wp-content\/uploads\/ilustrador-juan-pablo-mendez-ilustracion-20-forastero-66x66.jpg 66w, https:\/\/www.june-illustration.com\/wp-content\/uploads\/ilustrador-juan-pablo-mendez-ilustracion-20-forastero-150x150.jpg 150w, https:\/\/www.june-illustration.com\/wp-content\/uploads\/ilustrador-juan-pablo-mendez-ilustracion-20-forastero-200x200.jpg 200w, https:\/\/www.june-illustration.com\/wp-content\/uploads\/ilustrador-juan-pablo-mendez-ilustracion-20-forastero-300x300.jpg 300w, https:\/\/www.june-illustration.com\/wp-content\/uploads\/ilustrador-juan-pablo-mendez-ilustracion-20-forastero-400x401.jpg 400w, https:\/\/www.june-illustration.com\/wp-content\/uploads\/ilustrador-juan-pablo-mendez-ilustracion-20-forastero-600x601.jpg 600w, https:\/\/www.june-illustration.com\/wp-content\/uploads\/ilustrador-juan-pablo-mendez-ilustracion-20-forastero-768x769.jpg 768w, https:\/\/www.june-illustration.com\/wp-content\/uploads\/ilustrador-juan-pablo-mendez-ilustracion-20-forastero.jpg 799w\" sizes=\"(max-width: 799px) 100vw, 799px\" \/><\/a>\n\t\t\t<\/dt><\/dl><br style=\"clear: both\" \/><dl class='gallery-item'>\n\t\t\t<dt class='gallery-icon portrait'>\n\t\t\t\t<a data-rel=\"iLightbox[postimages]\" data-title=\"ilustrador juan pablo mendez ilustraci\u00f3n forastero 2\" data-caption=\"\" href='https:\/\/www.june-illustration.com\/wp-content\/uploads\/ilustrador-juan-pablo-mendez-ilustracion-21-forastero.jpg'><img decoding=\"async\" width=\"600\" height=\"800\" src=\"https:\/\/www.june-illustration.com\/wp-content\/uploads\/ilustrador-juan-pablo-mendez-ilustracion-21-forastero.jpg\" class=\"attachment-full size-full\" alt=\"\" srcset=\"https:\/\/www.june-illustration.com\/wp-content\/uploads\/ilustrador-juan-pablo-mendez-ilustracion-21-forastero-200x267.jpg 200w, https:\/\/www.june-illustration.com\/wp-content\/uploads\/ilustrador-juan-pablo-mendez-ilustracion-21-forastero-225x300.jpg 225w, https:\/\/www.june-illustration.com\/wp-content\/uploads\/ilustrador-juan-pablo-mendez-ilustracion-21-forastero-400x533.jpg 400w, https:\/\/www.june-illustration.com\/wp-content\/uploads\/ilustrador-juan-pablo-mendez-ilustracion-21-forastero.jpg 600w\" sizes=\"(max-width: 600px) 100vw, 600px\" \/><\/a>\n\t\t\t<\/dt><\/dl><br style=\"clear: both\" \/><dl class='gallery-item'>\n\t\t\t<dt class='gallery-icon portrait'>\n\t\t\t\t<a data-rel=\"iLightbox[postimages]\" data-title=\"ilustrador juan pablo mendez ilustraci\u00f3n forastero 3\" data-caption=\"\" href='https:\/\/www.june-illustration.com\/wp-content\/uploads\/ilustrador-juan-pablo-mendez-ilustracion-22-forastero.jpg'><img decoding=\"async\" width=\"600\" height=\"800\" src=\"https:\/\/www.june-illustration.com\/wp-content\/uploads\/ilustrador-juan-pablo-mendez-ilustracion-22-forastero.jpg\" class=\"attachment-full size-full\" alt=\"\" srcset=\"https:\/\/www.june-illustration.com\/wp-content\/uploads\/ilustrador-juan-pablo-mendez-ilustracion-22-forastero-200x267.jpg 200w, https:\/\/www.june-illustration.com\/wp-content\/uploads\/ilustrador-juan-pablo-mendez-ilustracion-22-forastero-225x300.jpg 225w, https:\/\/www.june-illustration.com\/wp-content\/uploads\/ilustrador-juan-pablo-mendez-ilustracion-22-forastero-400x533.jpg 400w, https:\/\/www.june-illustration.com\/wp-content\/uploads\/ilustrador-juan-pablo-mendez-ilustracion-22-forastero.jpg 600w\" sizes=\"(max-width: 600px) 100vw, 600px\" \/><\/a>\n\t\t\t<\/dt><\/dl><br style=\"clear: both\" \/><dl class='gallery-item'>\n\t\t\t<dt class='gallery-icon portrait'>\n\t\t\t\t<a data-rel=\"iLightbox[postimages]\" data-title=\"ilustrador juan pablo mendez ilustraci\u00f3n forastero 4\" data-caption=\"\" href='https:\/\/www.june-illustration.com\/wp-content\/uploads\/ilustrador-juan-pablo-mendez-ilustracion-23-forastero.jpg'><img decoding=\"async\" width=\"600\" height=\"800\" src=\"https:\/\/www.june-illustration.com\/wp-content\/uploads\/ilustrador-juan-pablo-mendez-ilustracion-23-forastero.jpg\" class=\"attachment-full size-full\" alt=\"\" srcset=\"https:\/\/www.june-illustration.com\/wp-content\/uploads\/ilustrador-juan-pablo-mendez-ilustracion-23-forastero-200x267.jpg 200w, https:\/\/www.june-illustration.com\/wp-content\/uploads\/ilustrador-juan-pablo-mendez-ilustracion-23-forastero-225x300.jpg 225w, https:\/\/www.june-illustration.com\/wp-content\/uploads\/ilustrador-juan-pablo-mendez-ilustracion-23-forastero-400x533.jpg 400w, https:\/\/www.june-illustration.com\/wp-content\/uploads\/ilustrador-juan-pablo-mendez-ilustracion-23-forastero.jpg 600w\" sizes=\"(max-width: 600px) 100vw, 600px\" \/><\/a>\n\t\t\t<\/dt><\/dl><br style=\"clear: both\" \/><dl class='gallery-item'>\n\t\t\t<dt class='gallery-icon landscape'>\n\t\t\t\t<a data-rel=\"iLightbox[postimages]\" data-title=\"ilustrador juan pablo mendez ilustraci\u00f3n forastero 5\" data-caption=\"\" href='https:\/\/www.june-illustration.com\/wp-content\/uploads\/ilustrador-juan-pablo-mendez-ilustracion-24-forastero.jpg'><img decoding=\"async\" width=\"1200\" height=\"845\" src=\"https:\/\/www.june-illustration.com\/wp-content\/uploads\/ilustrador-juan-pablo-mendez-ilustracion-24-forastero.jpg\" class=\"attachment-full size-full\" alt=\"\" srcset=\"https:\/\/www.june-illustration.com\/wp-content\/uploads\/ilustrador-juan-pablo-mendez-ilustracion-24-forastero-200x141.jpg 200w, https:\/\/www.june-illustration.com\/wp-content\/uploads\/ilustrador-juan-pablo-mendez-ilustracion-24-forastero-300x211.jpg 300w, https:\/\/www.june-illustration.com\/wp-content\/uploads\/ilustrador-juan-pablo-mendez-ilustracion-24-forastero-400x282.jpg 400w, https:\/\/www.june-illustration.com\/wp-content\/uploads\/ilustrador-juan-pablo-mendez-ilustracion-24-forastero-600x423.jpg 600w, https:\/\/www.june-illustration.com\/wp-content\/uploads\/ilustrador-juan-pablo-mendez-ilustracion-24-forastero-768x541.jpg 768w, https:\/\/www.june-illustration.com\/wp-content\/uploads\/ilustrador-juan-pablo-mendez-ilustracion-24-forastero-800x563.jpg 800w, https:\/\/www.june-illustration.com\/wp-content\/uploads\/ilustrador-juan-pablo-mendez-ilustracion-24-forastero-1024x721.jpg 1024w, https:\/\/www.june-illustration.com\/wp-content\/uploads\/ilustrador-juan-pablo-mendez-ilustracion-24-forastero.jpg 1200w\" sizes=\"(max-width: 1200px) 100vw, 1200px\" \/><\/a>\n\t\t\t<\/dt><\/dl><br style=\"clear: both\" \/><dl class='gallery-item'>\n\t\t\t<dt class='gallery-icon portrait'>\n\t\t\t\t<a data-rel=\"iLightbox[postimages]\" data-title=\"ilustrador juan pablo mendez ilustraci\u00f3n forastero 6\" data-caption=\"\" href='https:\/\/www.june-illustration.com\/wp-content\/uploads\/ilustrador-juan-pablo-mendez-ilustracion-25-forastero.jpg'><img decoding=\"async\" width=\"600\" height=\"800\" src=\"https:\/\/www.june-illustration.com\/wp-content\/uploads\/ilustrador-juan-pablo-mendez-ilustracion-25-forastero.jpg\" class=\"attachment-full size-full\" alt=\"\" srcset=\"https:\/\/www.june-illustration.com\/wp-content\/uploads\/ilustrador-juan-pablo-mendez-ilustracion-25-forastero-200x267.jpg 200w, https:\/\/www.june-illustration.com\/wp-content\/uploads\/ilustrador-juan-pablo-mendez-ilustracion-25-forastero-225x300.jpg 225w, https:\/\/www.june-illustration.com\/wp-content\/uploads\/ilustrador-juan-pablo-mendez-ilustracion-25-forastero-400x533.jpg 400w, https:\/\/www.june-illustration.com\/wp-content\/uploads\/ilustrador-juan-pablo-mendez-ilustracion-25-forastero.jpg 600w\" sizes=\"(max-width: 600px) 100vw, 600px\" \/><\/a>\n\t\t\t<\/dt><\/dl><br style=\"clear: both\" \/><dl class='gallery-item'>\n\t\t\t<dt class='gallery-icon portrait'>\n\t\t\t\t<a data-rel=\"iLightbox[postimages]\" data-title=\"ilustrador juan pablo mendez ilustraci\u00f3n forastero 7\" data-caption=\"\" href='https:\/\/www.june-illustration.com\/wp-content\/uploads\/ilustrador-juan-pablo-mendez-ilustracion-26-forastero.jpg'><img decoding=\"async\" width=\"798\" height=\"800\" src=\"https:\/\/www.june-illustration.com\/wp-content\/uploads\/ilustrador-juan-pablo-mendez-ilustracion-26-forastero.jpg\" class=\"attachment-full size-full\" alt=\"\" srcset=\"https:\/\/www.june-illustration.com\/wp-content\/uploads\/ilustrador-juan-pablo-mendez-ilustracion-26-forastero-66x66.jpg 66w, https:\/\/www.june-illustration.com\/wp-content\/uploads\/ilustrador-juan-pablo-mendez-ilustracion-26-forastero-150x150.jpg 150w, https:\/\/www.june-illustration.com\/wp-content\/uploads\/ilustrador-juan-pablo-mendez-ilustracion-26-forastero-200x201.jpg 200w, https:\/\/www.june-illustration.com\/wp-content\/uploads\/ilustrador-juan-pablo-mendez-ilustracion-26-forastero-300x300.jpg 300w, https:\/\/www.june-illustration.com\/wp-content\/uploads\/ilustrador-juan-pablo-mendez-ilustracion-26-forastero-400x401.jpg 400w, https:\/\/www.june-illustration.com\/wp-content\/uploads\/ilustrador-juan-pablo-mendez-ilustracion-26-forastero-600x602.jpg 600w, https:\/\/www.june-illustration.com\/wp-content\/uploads\/ilustrador-juan-pablo-mendez-ilustracion-26-forastero-768x770.jpg 768w, https:\/\/www.june-illustration.com\/wp-content\/uploads\/ilustrador-juan-pablo-mendez-ilustracion-26-forastero.jpg 798w\" sizes=\"(max-width: 798px) 100vw, 798px\" \/><\/a>\n\t\t\t<\/dt><\/dl><br style=\"clear: both\" \/><dl class='gallery-item'>\n\t\t\t<dt class='gallery-icon portrait'>\n\t\t\t\t<a data-rel=\"iLightbox[postimages]\" data-title=\"ilustrador juan pablo mendez ilustraci\u00f3n forastero 8\" data-caption=\"\" href='https:\/\/www.june-illustration.com\/wp-content\/uploads\/ilustrador-juan-pablo-mendez-ilustracion-27-forastero.jpg'><img decoding=\"async\" width=\"600\" height=\"800\" src=\"https:\/\/www.june-illustration.com\/wp-content\/uploads\/ilustrador-juan-pablo-mendez-ilustracion-27-forastero.jpg\" class=\"attachment-full size-full\" alt=\"\" srcset=\"https:\/\/www.june-illustration.com\/wp-content\/uploads\/ilustrador-juan-pablo-mendez-ilustracion-27-forastero-200x267.jpg 200w, https:\/\/www.june-illustration.com\/wp-content\/uploads\/ilustrador-juan-pablo-mendez-ilustracion-27-forastero-225x300.jpg 225w, https:\/\/www.june-illustration.com\/wp-content\/uploads\/ilustrador-juan-pablo-mendez-ilustracion-27-forastero-400x533.jpg 400w, https:\/\/www.june-illustration.com\/wp-content\/uploads\/ilustrador-juan-pablo-mendez-ilustracion-27-forastero.jpg 600w\" sizes=\"(max-width: 600px) 100vw, 600px\" \/><\/a>\n\t\t\t<\/dt><\/dl><br style=\"clear: both\" \/><dl class='gallery-item'>\n\t\t\t<dt class='gallery-icon portrait'>\n\t\t\t\t<a data-rel=\"iLightbox[postimages]\" data-title=\"ilustrador juan pablo mendez ilustraci\u00f3n forastero 9\" data-caption=\"\" href='https:\/\/www.june-illustration.com\/wp-content\/uploads\/ilustrador-juan-pablo-mendez-ilustracion-28-forastero.jpg'><img decoding=\"async\" width=\"600\" height=\"800\" src=\"https:\/\/www.june-illustration.com\/wp-content\/uploads\/ilustrador-juan-pablo-mendez-ilustracion-28-forastero.jpg\" class=\"attachment-full size-full\" alt=\"\" srcset=\"https:\/\/www.june-illustration.com\/wp-content\/uploads\/ilustrador-juan-pablo-mendez-ilustracion-28-forastero-200x267.jpg 200w, https:\/\/www.june-illustration.com\/wp-content\/uploads\/ilustrador-juan-pablo-mendez-ilustracion-28-forastero-225x300.jpg 225w, https:\/\/www.june-illustration.com\/wp-content\/uploads\/ilustrador-juan-pablo-mendez-ilustracion-28-forastero-400x533.jpg 400w, https:\/\/www.june-illustration.com\/wp-content\/uploads\/ilustrador-juan-pablo-mendez-ilustracion-28-forastero.jpg 600w\" sizes=\"(max-width: 600px) 100vw, 600px\" \/><\/a>\n\t\t\t<\/dt><\/dl><br style=\"clear: both\" \/><dl class='gallery-item'>\n\t\t\t<dt class='gallery-icon portrait'>\n\t\t\t\t<a data-rel=\"iLightbox[postimages]\" data-title=\"ilustrador juan pablo mendez ilustraci\u00f3n forastero 10\" data-caption=\"\" href='https:\/\/www.june-illustration.com\/wp-content\/uploads\/ilustrador-juan-pablo-mendez-ilustracion-29-forastero.jpg'><img decoding=\"async\" width=\"600\" height=\"800\" src=\"https:\/\/www.june-illustration.com\/wp-content\/uploads\/ilustrador-juan-pablo-mendez-ilustracion-29-forastero.jpg\" class=\"attachment-full size-full\" alt=\"\" srcset=\"https:\/\/www.june-illustration.com\/wp-content\/uploads\/ilustrador-juan-pablo-mendez-ilustracion-29-forastero-200x267.jpg 200w, https:\/\/www.june-illustration.com\/wp-content\/uploads\/ilustrador-juan-pablo-mendez-ilustracion-29-forastero-225x300.jpg 225w, https:\/\/www.june-illustration.com\/wp-content\/uploads\/ilustrador-juan-pablo-mendez-ilustracion-29-forastero-400x533.jpg 400w, https:\/\/www.june-illustration.com\/wp-content\/uploads\/ilustrador-juan-pablo-mendez-ilustracion-29-forastero.jpg 600w\" sizes=\"(max-width: 600px) 100vw, 600px\" \/><\/a>\n\t\t\t<\/dt><\/dl><br style=\"clear: both\" \/><dl class='gallery-item'>\n\t\t\t<dt class='gallery-icon portrait'>\n\t\t\t\t<a data-rel=\"iLightbox[postimages]\" data-title=\"ilustrador juan pablo mendez ilustraci\u00f3n forastero 11\" data-caption=\"\" href='https:\/\/www.june-illustration.com\/wp-content\/uploads\/ilustrador-juan-pablo-mendez-ilustracion-30-forastero.jpg'><img decoding=\"async\" width=\"600\" height=\"800\" src=\"https:\/\/www.june-illustration.com\/wp-content\/uploads\/ilustrador-juan-pablo-mendez-ilustracion-30-forastero.jpg\" class=\"attachment-full size-full\" alt=\"\" srcset=\"https:\/\/www.june-illustration.com\/wp-content\/uploads\/ilustrador-juan-pablo-mendez-ilustracion-30-forastero-200x267.jpg 200w, https:\/\/www.june-illustration.com\/wp-content\/uploads\/ilustrador-juan-pablo-mendez-ilustracion-30-forastero-225x300.jpg 225w, https:\/\/www.june-illustration.com\/wp-content\/uploads\/ilustrador-juan-pablo-mendez-ilustracion-30-forastero-400x533.jpg 400w, https:\/\/www.june-illustration.com\/wp-content\/uploads\/ilustrador-juan-pablo-mendez-ilustracion-30-forastero.jpg 600w\" sizes=\"(max-width: 600px) 100vw, 600px\" \/><\/a>\n\t\t\t<\/dt><\/dl><br style=\"clear: both\" \/><dl class='gallery-item'>\n\t\t\t<dt class='gallery-icon portrait'>\n\t\t\t\t<a data-rel=\"iLightbox[postimages]\" data-title=\"ilustrador juan pablo mendez ilustraci\u00f3n forastero 12\" data-caption=\"\" href='https:\/\/www.june-illustration.com\/wp-content\/uploads\/ilustrador-juan-pablo-mendez-ilustracion-31-forastero.jpg'><img decoding=\"async\" width=\"600\" height=\"800\" src=\"https:\/\/www.june-illustration.com\/wp-content\/uploads\/ilustrador-juan-pablo-mendez-ilustracion-31-forastero.jpg\" class=\"attachment-full size-full\" alt=\"\" srcset=\"https:\/\/www.june-illustration.com\/wp-content\/uploads\/ilustrador-juan-pablo-mendez-ilustracion-31-forastero-200x267.jpg 200w, https:\/\/www.june-illustration.com\/wp-content\/uploads\/ilustrador-juan-pablo-mendez-ilustracion-31-forastero-225x300.jpg 225w, https:\/\/www.june-illustration.com\/wp-content\/uploads\/ilustrador-juan-pablo-mendez-ilustracion-31-forastero-400x533.jpg 400w, https:\/\/www.june-illustration.com\/wp-content\/uploads\/ilustrador-juan-pablo-mendez-ilustracion-31-forastero.jpg 600w\" sizes=\"(max-width: 600px) 100vw, 600px\" \/><\/a>\n\t\t\t<\/dt><\/dl><br style=\"clear: both\" \/><dl class='gallery-item'>\n\t\t\t<dt class='gallery-icon landscape'>\n\t\t\t\t<a data-rel=\"iLightbox[postimages]\" data-title=\"ilustrador Juan Pablo M\u00e9ndez, ilustraci\u00f3n 4\" data-caption=\"\" href='https:\/\/www.june-illustration.com\/wp-content\/uploads\/ilustrador-juan-pablo-mendez-ilustracion-4.jpg'><img decoding=\"async\" width=\"800\" height=\"800\" src=\"https:\/\/www.june-illustration.com\/wp-content\/uploads\/ilustrador-juan-pablo-mendez-ilustracion-4.jpg\" class=\"attachment-full size-full\" alt=\"\" srcset=\"https:\/\/www.june-illustration.com\/wp-content\/uploads\/ilustrador-juan-pablo-mendez-ilustracion-4-66x66.jpg 66w, https:\/\/www.june-illustration.com\/wp-content\/uploads\/ilustrador-juan-pablo-mendez-ilustracion-4-150x150.jpg 150w, https:\/\/www.june-illustration.com\/wp-content\/uploads\/ilustrador-juan-pablo-mendez-ilustracion-4-200x200.jpg 200w, https:\/\/www.june-illustration.com\/wp-content\/uploads\/ilustrador-juan-pablo-mendez-ilustracion-4-300x300.jpg 300w, https:\/\/www.june-illustration.com\/wp-content\/uploads\/ilustrador-juan-pablo-mendez-ilustracion-4-400x400.jpg 400w, https:\/\/www.june-illustration.com\/wp-content\/uploads\/ilustrador-juan-pablo-mendez-ilustracion-4-600x600.jpg 600w, https:\/\/www.june-illustration.com\/wp-content\/uploads\/ilustrador-juan-pablo-mendez-ilustracion-4-768x768.jpg 768w, https:\/\/www.june-illustration.com\/wp-content\/uploads\/ilustrador-juan-pablo-mendez-ilustracion-4.jpg 800w\" sizes=\"(max-width: 800px) 100vw, 800px\" \/><\/a>\n\t\t\t<\/dt><\/dl><br style=\"clear: both\" \/><dl class='gallery-item'>\n\t\t\t<dt class='gallery-icon landscape'>\n\t\t\t\t<a data-rel=\"iLightbox[postimages]\" data-title=\"ilustrador Juan Pablo M\u00e9ndez, ilustraci\u00f3n 2\" data-caption=\"\" href='https:\/\/www.june-illustration.com\/wp-content\/uploads\/ilustrador-juan-pablo-mendez-ilustracion-2.jpg'><img decoding=\"async\" width=\"800\" height=\"800\" src=\"https:\/\/www.june-illustration.com\/wp-content\/uploads\/ilustrador-juan-pablo-mendez-ilustracion-2.jpg\" class=\"attachment-full size-full\" alt=\"\" srcset=\"https:\/\/www.june-illustration.com\/wp-content\/uploads\/ilustrador-juan-pablo-mendez-ilustracion-2-66x66.jpg 66w, https:\/\/www.june-illustration.com\/wp-content\/uploads\/ilustrador-juan-pablo-mendez-ilustracion-2-150x150.jpg 150w, https:\/\/www.june-illustration.com\/wp-content\/uploads\/ilustrador-juan-pablo-mendez-ilustracion-2-200x200.jpg 200w, https:\/\/www.june-illustration.com\/wp-content\/uploads\/ilustrador-juan-pablo-mendez-ilustracion-2-300x300.jpg 300w, https:\/\/www.june-illustration.com\/wp-content\/uploads\/ilustrador-juan-pablo-mendez-ilustracion-2-400x400.jpg 400w, https:\/\/www.june-illustration.com\/wp-content\/uploads\/ilustrador-juan-pablo-mendez-ilustracion-2-600x600.jpg 600w, https:\/\/www.june-illustration.com\/wp-content\/uploads\/ilustrador-juan-pablo-mendez-ilustracion-2-768x768.jpg 768w, https:\/\/www.june-illustration.com\/wp-content\/uploads\/ilustrador-juan-pablo-mendez-ilustracion-2.jpg 800w\" sizes=\"(max-width: 800px) 100vw, 800px\" \/><\/a>\n\t\t\t<\/dt><\/dl><br style=\"clear: both\" \/><dl class='gallery-item'>\n\t\t\t<dt class='gallery-icon landscape'>\n\t\t\t\t<a data-rel=\"iLightbox[postimages]\" data-title=\"ilustrador Juan Pablo M\u00e9ndez, ilustraci\u00f3n 3\" data-caption=\"\" href='https:\/\/www.june-illustration.com\/wp-content\/uploads\/ilustrador-juan-pablo-mendez-ilustracion-3.jpg'><img decoding=\"async\" width=\"800\" height=\"800\" src=\"https:\/\/www.june-illustration.com\/wp-content\/uploads\/ilustrador-juan-pablo-mendez-ilustracion-3.jpg\" class=\"attachment-full size-full\" alt=\"\" srcset=\"https:\/\/www.june-illustration.com\/wp-content\/uploads\/ilustrador-juan-pablo-mendez-ilustracion-3-66x66.jpg 66w, https:\/\/www.june-illustration.com\/wp-content\/uploads\/ilustrador-juan-pablo-mendez-ilustracion-3-150x150.jpg 150w, https:\/\/www.june-illustration.com\/wp-content\/uploads\/ilustrador-juan-pablo-mendez-ilustracion-3-200x200.jpg 200w, https:\/\/www.june-illustration.com\/wp-content\/uploads\/ilustrador-juan-pablo-mendez-ilustracion-3-300x300.jpg 300w, https:\/\/www.june-illustration.com\/wp-content\/uploads\/ilustrador-juan-pablo-mendez-ilustracion-3-400x400.jpg 400w, https:\/\/www.june-illustration.com\/wp-content\/uploads\/ilustrador-juan-pablo-mendez-ilustracion-3-600x600.jpg 600w, https:\/\/www.june-illustration.com\/wp-content\/uploads\/ilustrador-juan-pablo-mendez-ilustracion-3-768x768.jpg 768w, https:\/\/www.june-illustration.com\/wp-content\/uploads\/ilustrador-juan-pablo-mendez-ilustracion-3.jpg 800w\" sizes=\"(max-width: 800px) 100vw, 800px\" \/><\/a>\n\t\t\t<\/dt><\/dl><br style=\"clear: both\" \/><dl class='gallery-item'>\n\t\t\t<dt class='gallery-icon landscape'>\n\t\t\t\t<a data-rel=\"iLightbox[postimages]\" data-title=\"ilustrador Juan Pablo M\u00e9ndez, ilustraci\u00f3n 5\" data-caption=\"\" href='https:\/\/www.june-illustration.com\/wp-content\/uploads\/ilustrador-juan-pablo-mendez-ilustracion-5.jpg'><img decoding=\"async\" width=\"800\" height=\"800\" src=\"https:\/\/www.june-illustration.com\/wp-content\/uploads\/ilustrador-juan-pablo-mendez-ilustracion-5.jpg\" class=\"attachment-full size-full\" alt=\"\" srcset=\"https:\/\/www.june-illustration.com\/wp-content\/uploads\/ilustrador-juan-pablo-mendez-ilustracion-5-66x66.jpg 66w, https:\/\/www.june-illustration.com\/wp-content\/uploads\/ilustrador-juan-pablo-mendez-ilustracion-5-150x150.jpg 150w, https:\/\/www.june-illustration.com\/wp-content\/uploads\/ilustrador-juan-pablo-mendez-ilustracion-5-200x200.jpg 200w, https:\/\/www.june-illustration.com\/wp-content\/uploads\/ilustrador-juan-pablo-mendez-ilustracion-5-300x300.jpg 300w, https:\/\/www.june-illustration.com\/wp-content\/uploads\/ilustrador-juan-pablo-mendez-ilustracion-5-400x400.jpg 400w, https:\/\/www.june-illustration.com\/wp-content\/uploads\/ilustrador-juan-pablo-mendez-ilustracion-5-600x600.jpg 600w, https:\/\/www.june-illustration.com\/wp-content\/uploads\/ilustrador-juan-pablo-mendez-ilustracion-5-768x768.jpg 768w, https:\/\/www.june-illustration.com\/wp-content\/uploads\/ilustrador-juan-pablo-mendez-ilustracion-5.jpg 800w\" sizes=\"(max-width: 800px) 100vw, 800px\" \/><\/a>\n\t\t\t<\/dt><\/dl><br style=\"clear: both\" \/><dl class='gallery-item'>\n\t\t\t<dt class='gallery-icon landscape'>\n\t\t\t\t<a data-rel=\"iLightbox[postimages]\" data-title=\"ilustrador Juan Pablo M\u00e9ndez, ilustraci\u00f3n 8\" data-caption=\"\" href='https:\/\/www.june-illustration.com\/wp-content\/uploads\/ilustrador-juan-pablo-mendez-ilustracion-8.jpg'><img decoding=\"async\" width=\"800\" height=\"800\" src=\"https:\/\/www.june-illustration.com\/wp-content\/uploads\/ilustrador-juan-pablo-mendez-ilustracion-8.jpg\" class=\"attachment-full size-full\" alt=\"\" srcset=\"https:\/\/www.june-illustration.com\/wp-content\/uploads\/ilustrador-juan-pablo-mendez-ilustracion-8-66x66.jpg 66w, https:\/\/www.june-illustration.com\/wp-content\/uploads\/ilustrador-juan-pablo-mendez-ilustracion-8-150x150.jpg 150w, https:\/\/www.june-illustration.com\/wp-content\/uploads\/ilustrador-juan-pablo-mendez-ilustracion-8-200x200.jpg 200w, https:\/\/www.june-illustration.com\/wp-content\/uploads\/ilustrador-juan-pablo-mendez-ilustracion-8-300x300.jpg 300w, https:\/\/www.june-illustration.com\/wp-content\/uploads\/ilustrador-juan-pablo-mendez-ilustracion-8-400x400.jpg 400w, https:\/\/www.june-illustration.com\/wp-content\/uploads\/ilustrador-juan-pablo-mendez-ilustracion-8-600x600.jpg 600w, https:\/\/www.june-illustration.com\/wp-content\/uploads\/ilustrador-juan-pablo-mendez-ilustracion-8-768x768.jpg 768w, https:\/\/www.june-illustration.com\/wp-content\/uploads\/ilustrador-juan-pablo-mendez-ilustracion-8.jpg 800w\" sizes=\"(max-width: 800px) 100vw, 800px\" \/><\/a>\n\t\t\t<\/dt><\/dl><br style=\"clear: both\" \/><dl class='gallery-item'>\n\t\t\t<dt class='gallery-icon landscape'>\n\t\t\t\t<a data-rel=\"iLightbox[postimages]\" data-title=\"ilustrador Juan Pablo M\u00e9ndez, ilustraci\u00f3n 7\" data-caption=\"\" href='https:\/\/www.june-illustration.com\/wp-content\/uploads\/ilustrador-juan-pablo-mendez-ilustracion-7.jpg'><img decoding=\"async\" width=\"800\" height=\"800\" src=\"https:\/\/www.june-illustration.com\/wp-content\/uploads\/ilustrador-juan-pablo-mendez-ilustracion-7.jpg\" class=\"attachment-full size-full\" alt=\"\" srcset=\"https:\/\/www.june-illustration.com\/wp-content\/uploads\/ilustrador-juan-pablo-mendez-ilustracion-7-66x66.jpg 66w, https:\/\/www.june-illustration.com\/wp-content\/uploads\/ilustrador-juan-pablo-mendez-ilustracion-7-150x150.jpg 150w, https:\/\/www.june-illustration.com\/wp-content\/uploads\/ilustrador-juan-pablo-mendez-ilustracion-7-200x200.jpg 200w, https:\/\/www.june-illustration.com\/wp-content\/uploads\/ilustrador-juan-pablo-mendez-ilustracion-7-300x300.jpg 300w, https:\/\/www.june-illustration.com\/wp-content\/uploads\/ilustrador-juan-pablo-mendez-ilustracion-7-400x400.jpg 400w, https:\/\/www.june-illustration.com\/wp-content\/uploads\/ilustrador-juan-pablo-mendez-ilustracion-7-600x600.jpg 600w, https:\/\/www.june-illustration.com\/wp-content\/uploads\/ilustrador-juan-pablo-mendez-ilustracion-7-768x768.jpg 768w, https:\/\/www.june-illustration.com\/wp-content\/uploads\/ilustrador-juan-pablo-mendez-ilustracion-7.jpg 800w\" sizes=\"(max-width: 800px) 100vw, 800px\" \/><\/a>\n\t\t\t<\/dt><\/dl><br style=\"clear: both\" \/><dl class='gallery-item'>\n\t\t\t<dt class='gallery-icon landscape'>\n\t\t\t\t<a data-rel=\"iLightbox[postimages]\" data-title=\"ilustrador Juan Pablo M\u00e9ndez, ilustraci\u00f3n 6\" data-caption=\"\" href='https:\/\/www.june-illustration.com\/wp-content\/uploads\/ilustrador-juan-pablo-mendez-ilustracion-6.jpg'><img decoding=\"async\" width=\"800\" height=\"800\" src=\"https:\/\/www.june-illustration.com\/wp-content\/uploads\/ilustrador-juan-pablo-mendez-ilustracion-6.jpg\" class=\"attachment-full size-full\" alt=\"\" srcset=\"https:\/\/www.june-illustration.com\/wp-content\/uploads\/ilustrador-juan-pablo-mendez-ilustracion-6-66x66.jpg 66w, https:\/\/www.june-illustration.com\/wp-content\/uploads\/ilustrador-juan-pablo-mendez-ilustracion-6-150x150.jpg 150w, https:\/\/www.june-illustration.com\/wp-content\/uploads\/ilustrador-juan-pablo-mendez-ilustracion-6-200x200.jpg 200w, https:\/\/www.june-illustration.com\/wp-content\/uploads\/ilustrador-juan-pablo-mendez-ilustracion-6-300x300.jpg 300w, https:\/\/www.june-illustration.com\/wp-content\/uploads\/ilustrador-juan-pablo-mendez-ilustracion-6-400x400.jpg 400w, https:\/\/www.june-illustration.com\/wp-content\/uploads\/ilustrador-juan-pablo-mendez-ilustracion-6-600x600.jpg 600w, https:\/\/www.june-illustration.com\/wp-content\/uploads\/ilustrador-juan-pablo-mendez-ilustracion-6-768x768.jpg 768w, https:\/\/www.june-illustration.com\/wp-content\/uploads\/ilustrador-juan-pablo-mendez-ilustracion-6.jpg 800w\" sizes=\"(max-width: 800px) 100vw, 800px\" \/><\/a>\n\t\t\t<\/dt><\/dl><br style=\"clear: both\" \/><dl class='gallery-item'>\n\t\t\t<dt class='gallery-icon landscape'>\n\t\t\t\t<a data-rel=\"iLightbox[postimages]\" data-title=\"ilustrador Juan Pablo M\u00e9ndez, ilustraci\u00f3n 9\" data-caption=\"\" href='https:\/\/www.june-illustration.com\/wp-content\/uploads\/ilustrador-juan-pablo-mendez-ilustracion-9.jpg'><img decoding=\"async\" width=\"800\" height=\"800\" src=\"https:\/\/www.june-illustration.com\/wp-content\/uploads\/ilustrador-juan-pablo-mendez-ilustracion-9.jpg\" class=\"attachment-full size-full\" alt=\"\" srcset=\"https:\/\/www.june-illustration.com\/wp-content\/uploads\/ilustrador-juan-pablo-mendez-ilustracion-9-66x66.jpg 66w, https:\/\/www.june-illustration.com\/wp-content\/uploads\/ilustrador-juan-pablo-mendez-ilustracion-9-150x150.jpg 150w, https:\/\/www.june-illustration.com\/wp-content\/uploads\/ilustrador-juan-pablo-mendez-ilustracion-9-200x200.jpg 200w, https:\/\/www.june-illustration.com\/wp-content\/uploads\/ilustrador-juan-pablo-mendez-ilustracion-9-300x300.jpg 300w, https:\/\/www.june-illustration.com\/wp-content\/uploads\/ilustrador-juan-pablo-mendez-ilustracion-9-400x400.jpg 400w, https:\/\/www.june-illustration.com\/wp-content\/uploads\/ilustrador-juan-pablo-mendez-ilustracion-9-600x600.jpg 600w, https:\/\/www.june-illustration.com\/wp-content\/uploads\/ilustrador-juan-pablo-mendez-ilustracion-9-768x768.jpg 768w, https:\/\/www.june-illustration.com\/wp-content\/uploads\/ilustrador-juan-pablo-mendez-ilustracion-9.jpg 800w\" sizes=\"(max-width: 800px) 100vw, 800px\" \/><\/a>\n\t\t\t<\/dt><\/dl><br style=\"clear: both\" \/>\n\t\t<\/div>\n\n<\/div><div class=\"fusion-sep-clear\"><\/div><div class=\"fusion-separator fusion-full-width-sep\" style=\"margin-left: auto;margin-right: auto;margin-top:25px;margin-bottom:25px;width:100%;\"><\/div><div class=\"fusion-sep-clear\"><\/div><div class=\"fusion-button-wrapper fusion-aligncenter\"><a class=\"fusion-button button-flat button-xlarge button-custom fusion-button-default button-1 fusion-button-default-span \" style=\"--button_accent_color:#9b7c4f;--button_border_color:#9b7c4f;--button_accent_hover_color:#9b7c4f;--button_border_hover_color:#9b7c4f;--button_border_width-top:5px;--button_border_width-right:5px;--button_border_width-bottom:5px;--button_border_width-left:5px;--button_gradient_top_color:#9b7c4f;--button_gradient_bottom_color:#9b7c4f;--button_gradient_top_color_hover:#fff;--button_gradient_bottom_color_hover:#fff;\" target=\"_blank\" rel=\"noopener noreferrer\" href=\"#\" data-toggle=\"modal\" data-target=\".fusion-modal.pedir-info\"><span class=\"fusion-button-text awb-button__text awb-button__text--default\">Solicitar informaci\u00f3n \/ Request information Juan Pablo M\u00e9ndez<\/span><\/a><\/div><div class=\"fusion-modal modal fade modal-1 pedir-info\" tabindex=\"-1\" role=\"dialog\" aria-labelledby=\"modal-heading-1\" aria-hidden=\"true\" style=\"--awb-border-color:#fff;--awb-background:#f3f3f3;\"><div class=\"modal-dialog modal-lg\" role=\"document\"><div class=\"modal-content fusion-modal-content\"><div class=\"modal-header\"><button class=\"close\" type=\"button\" data-dismiss=\"modal\" aria-hidden=\"true\" aria-label=\"Close\">&times;<\/button><h3 class=\"modal-title\" id=\"modal-heading-1\" data-dismiss=\"modal\" aria-hidden=\"true\">Solicitar informaci\u00f3n del ilustrador Juan Pablo M\u00e9ndez \/ Request information about Juan Pablo M\u00e9ndez<\/h3><\/div><div class=\"modal-body fusion-clearfix\">\n\n<div class=\"wpcf7 no-js\" id=\"wpcf7-f14791-o1\" lang=\"es-ES\" dir=\"ltr\" data-wpcf7-id=\"14791\">\n<div class=\"screen-reader-response\"><p role=\"status\" aria-live=\"polite\" aria-atomic=\"true\"><\/p> <ul><\/ul><\/div>\n<form action=\"\/en\/wp-json\/wp\/v2\/posts\/15958#wpcf7-f14791-o1\" method=\"post\" class=\"wpcf7-form init\" aria-label=\"Formulario de contacto\" novalidate=\"novalidate\" data-status=\"init\">\n<fieldset class=\"hidden-fields-container\"><input type=\"hidden\" name=\"_wpcf7\" value=\"14791\" \/><input type=\"hidden\" name=\"_wpcf7_version\" value=\"6.1.5\" \/><input type=\"hidden\" name=\"_wpcf7_locale\" value=\"es_ES\" \/><input type=\"hidden\" name=\"_wpcf7_unit_tag\" value=\"wpcf7-f14791-o1\" \/><input type=\"hidden\" name=\"_wpcf7_container_post\" value=\"0\" \/><input type=\"hidden\" name=\"_wpcf7_posted_data_hash\" value=\"\" \/><input type=\"hidden\" name=\"_wpcf7_recaptcha_response\" value=\"\" \/>\n<\/fieldset>\n<div style=\"width: 40%; margin: 0 5%; float: left; margin-bottom: 25px;\">\n\t<p>(*) Nombre \/ Name\n\t<\/p>\n\t<p><span class=\"wpcf7-form-control-wrap\" data-name=\"your-name\"><input size=\"40\" maxlength=\"400\" class=\"wpcf7-form-control wpcf7-text wpcf7-validates-as-required\" aria-required=\"true\" aria-invalid=\"false\" value=\"\" type=\"text\" name=\"your-name\" \/><\/span>\n\t<\/p>\n\t<p>(*) Tel\u00e9fono \/ Telephone\n\t<\/p>\n\t<p><span class=\"wpcf7-form-control-wrap\" data-name=\"tel-480\"><input size=\"40\" maxlength=\"400\" class=\"wpcf7-form-control wpcf7-tel wpcf7-validates-as-required wpcf7-text wpcf7-validates-as-tel\" aria-required=\"true\" aria-invalid=\"false\" value=\"\" type=\"tel\" name=\"tel-480\" \/><\/span>\n\t<\/p>\n\t<p>(*) Email\n\t<\/p>\n\t<p><span class=\"wpcf7-form-control-wrap\" data-name=\"email-578\"><input size=\"40\" maxlength=\"400\" class=\"wpcf7-form-control wpcf7-email wpcf7-validates-as-required wpcf7-text wpcf7-validates-as-email\" aria-required=\"true\" aria-invalid=\"false\" value=\"\" type=\"email\" name=\"email-578\" \/><\/span>\n\t<\/p>\n<\/div>\n<div style=\"width: 40%; margin: 0 5%; float: left; margin-bottom: 25px;\">\n\t<p>(*) Peque\u00f1a descripci\u00f3n del proyecto a desarrollar \/ Brief description of the project to develop\n\t<\/p>\n\t<p><span class=\"wpcf7-form-control-wrap\" data-name=\"textarea-862\"><textarea cols=\"40\" rows=\"10\" maxlength=\"2000\" class=\"wpcf7-form-control wpcf7-textarea\" aria-invalid=\"false\" name=\"textarea-862\"><\/textarea><\/span><br \/>\n<span class=\"asterisco\">(*) Todos los campos son obligatorios \/ All fields are mandatory<\/span>\n\t<\/p>\n<\/div>\n<p><input class=\"wpcf7-form-control wpcf7-submit has-spinner\" type=\"submit\" value=\"Enviar\" \/>\n<\/p><p style=\"display: none !important;\" class=\"akismet-fields-container\" data-prefix=\"_wpcf7_ak_\"><label>&#916;<textarea name=\"_wpcf7_ak_hp_textarea\" cols=\"45\" rows=\"8\" maxlength=\"100\"><\/textarea><\/label><input type=\"hidden\" id=\"ak_js_1\" name=\"_wpcf7_ak_js\" value=\"238\"\/><script>document.getElementById( \"ak_js_1\" ).setAttribute( \"value\", ( new Date() ).getTime() );<\/script><\/p><div class=\"fusion-alert alert custom alert-custom fusion-alert-center wpcf7-response-output fusion-alert-capitalize awb-alert-native-link-color alert-dismissable awb-alert-close-boxed\" style=\"--awb-border-size:1px;--awb-border-top-left-radius:0px;--awb-border-top-right-radius:0px;--awb-border-bottom-left-radius:0px;--awb-border-bottom-right-radius:0px;\" role=\"alert\"><div class=\"fusion-alert-content-wrapper\"><span class=\"fusion-alert-content\"><\/span><\/div><button type=\"button\" class=\"close toggle-alert\" data-dismiss=\"alert\" aria-label=\"Close\">&times;<\/button><\/div>\n<\/form>\n<\/div>\n\n<\/div><\/div><\/div><\/div><div class=\"fusion-sep-clear\"><\/div><div class=\"fusion-separator fusion-full-width-sep\" style=\"margin-left: auto;margin-right: auto;margin-top:25px;margin-bottom:25px;width:100%;\"><\/div><div class=\"fusion-sep-clear\"><\/div><div class=\"fusion-text fusion-text-2\"><p style=\"text-align: center;\"><span id=\"subtituloEntrada\">Ilustrador Juan Pablo M\u00e9ndez clasificado en los estilos \/ Ilustrator Juan Pablo M\u00e9ndez classified in styles:<br \/>\n<em><a href=\"http:\/\/www.june-illustration.com\/agencia-de-ilustracion-estilo-editorial\/\">Editorial<\/a>\u00a0 \u00a0&#8211;\u00a0 \u00a0<a href=\"https:\/\/www.june-illustration.com\/agencia-de-ilustracion-estilo-infantil-children\/\">Infantil \/ Children<\/a>\u00a0 \u00a0&#8211;\u00a0 \u00a0 <a href=\"https:\/\/www.june-illustration.com\/agencia-de-ilustracion-estilo-ilustradores-de-cuentos-infantiles-children-tales-illustrators\/\">Ilustradores de cuentos infantiles \/ Children&#8217;s Illustration Tales<\/a>\u00a0 \u00a0 &#8211;\u00a0 \u00a0<a href=\"https:\/\/www.june-illustration.com\/agencia-de-ilustracion-estilo-personajes-characters\/\">Personajes \/ Characters<\/a><br \/>\n<\/em><\/span><\/p>\n<\/div><div class=\"separar-paginacion-abajo\"><\/div><div class=\"fusion-clearfix\"><\/div><\/div><\/div><\/div><\/div>\n","protected":false},"excerpt":{"rendered":"","protected":false},"author":1,"featured_media":25125,"comment_status":"open","ping_status":"open","sticky":false,"template":"","format":"standard","meta":{"footnotes":""},"categories":[209,207,208,210,212],"tags":[],"class_list":["post-15958","post","type-post","status-publish","format-standard","has-post-thumbnail","hentry","category-children-book-illustration","category-editorial-en","category-ilustradores-a-z-en","category-ilustradores-z-a-en","category-personajes-characters-en"],"aioseo_notices":[],"_links":{"self":[{"href":"https:\/\/www.june-illustration.com\/en\/wp-json\/wp\/v2\/posts\/15958","targetHints":{"allow":["GET"]}}],"collection":[{"href":"https:\/\/www.june-illustration.com\/en\/wp-json\/wp\/v2\/posts"}],"about":[{"href":"https:\/\/www.june-illustration.com\/en\/wp-json\/wp\/v2\/types\/post"}],"author":[{"embeddable":true,"href":"https:\/\/www.june-illustration.com\/en\/wp-json\/wp\/v2\/users\/1"}],"replies":[{"embeddable":true,"href":"https:\/\/www.june-illustration.com\/en\/wp-json\/wp\/v2\/comments?post=15958"}],"version-history":[{"count":0,"href":"https:\/\/www.june-illustration.com\/en\/wp-json\/wp\/v2\/posts\/15958\/revisions"}],"wp:featuredmedia":[{"embeddable":true,"href":"https:\/\/www.june-illustration.com\/en\/wp-json\/wp\/v2\/media\/25125"}],"wp:attachment":[{"href":"https:\/\/www.june-illustration.com\/en\/wp-json\/wp\/v2\/media?parent=15958"}],"wp:term":[{"taxonomy":"category","embeddable":true,"href":"https:\/\/www.june-illustration.com\/en\/wp-json\/wp\/v2\/categories?post=15958"},{"taxonomy":"post_tag","embeddable":true,"href":"https:\/\/www.june-illustration.com\/en\/wp-json\/wp\/v2\/tags?post=15958"}],"curies":[{"name":"wp","href":"https:\/\/api.w.org\/{rel}","templated":true}]}}