{"id":16172,"date":"2015-02-13T10:41:51","date_gmt":"2015-02-13T09:41:51","guid":{"rendered":"https:\/\/www.june-illustration.com\/agencia-de-ilustracion-ilustradores-maria-casais\/"},"modified":"2021-03-31T12:48:44","modified_gmt":"2021-03-31T10:48:44","slug":"illustration-agency-illustrators-maria-casais","status":"publish","type":"post","link":"https:\/\/www.june-illustration.com\/en\/illustration-agency-illustrators-maria-casais\/","title":{"rendered":"Mar\u00eda Casais Caleis"},"content":{"rendered":"<p><div class=\"fusion-fullwidth fullwidth-box fusion-builder-row-1 hundred-percent-fullwidth non-hundred-percent-height-scrolling\" style=\"--awb-border-radius-top-left:0px;--awb-border-radius-top-right:0px;--awb-border-radius-bottom-right:0px;--awb-border-radius-bottom-left:0px;--awb-overflow:visible;--awb-flex-wrap:wrap;\" ><div class=\"fusion-builder-row fusion-row\"><div class=\"fusion-layout-column fusion_builder_column fusion-builder-column-0 fusion_builder_column_1_1 1_1 fusion-one-full fusion-column-first fusion-column-last fusion-column-no-min-height\" style=\"--awb-bg-size:cover;--awb-margin-bottom:0px;\"><div class=\"fusion-column-wrapper fusion-flex-column-wrapper-legacy\"><div class=\"accordian fusion-accordian\" style=\"--awb-border-size:1px;--awb-icon-size:13px;--awb-content-font-size:15px;--awb-icon-alignment:left;--awb-hover-color:#f9f9f9;--awb-border-color:#cccccc;--awb-background-color:#ffffff;--awb-divider-color:#ffffff;--awb-divider-hover-color:#ffffff;--awb-icon-color:#ffffff;--awb-title-color:#333333;--awb-content-color:#747474;--awb-icon-box-color:#333333;--awb-toggle-hover-accent-color:#9b7c4f;--awb-title-font-family:&quot;Open Sans&quot;;--awb-title-font-weight:regular;--awb-title-font-style:normal;--awb-title-font-size:20px;--awb-content-font-family:&quot;Open Sans&quot;;--awb-content-font-style:normal;--awb-content-font-weight:regular;\"><div class=\"panel-group fusion-toggle-icon-boxed\" id=\"accordion-16172-1\"><div class=\"fusion-panel panel-default panel-4d78b92f7497c3355 fusion-toggle-has-divider\"><div class=\"panel-heading\"><h4 class=\"panel-title toggle\" id=\"toggle_4d78b92f7497c3355\"><a aria-expanded=\"false\" aria-controls=\"4d78b92f7497c3355\" role=\"button\" data-toggle=\"collapse\" data-parent=\"#accordion-16172-1\" data-target=\"#4d78b92f7497c3355\" href=\"#4d78b92f7497c3355\"><span class=\"fusion-toggle-icon-wrapper\" aria-hidden=\"true\"><i class=\"fa-fusion-box active-icon awb-icon-minus\" aria-hidden=\"true\"><\/i><i class=\"fa-fusion-box inactive-icon awb-icon-plus\" aria-hidden=\"true\"><\/i><\/span><span class=\"fusion-toggle-heading\">Biography of \/ Biograf\u00eda de Mar\u00eda Casais Caleis<\/span><\/a><\/h4><\/div><div id=\"4d78b92f7497c3355\" class=\"panel-collapse collapse \" aria-labelledby=\"toggle_4d78b92f7497c3355\"><div class=\"panel-body toggle-content fusion-clearfix\">Caleis brings us a smoky and intense style that has more than a little skill and design. Her work is both enticing and well executed which is both a feat of natural talent and real hard graft for the self taught illustrator. She has a great eye for detail and she uses this to let us into the world of sensual female beauty, which she recognises as emotional and soulful, and she really goes for it with her delicate figures hung with a tension and challenge to the viewer. She lets us into this world but preserves us at a distance. With a gentle palette of warm yet desaturated tones she has a real skill with colour that gives both a depth and clarity that is hard to achieve simultaneously.<br \/>\n&#8220;Fashion and artwork go hand in hand and clearly, Caleis has a keen eye for both. I love her use of colors and the facial expressions featured in the works, giving each piece a bit of attitude without overdoing it. The females themselves are stunning, beautiful and have an incredibly classy European look.<br \/>\nThese Maria Casais Leis portraits are a perfect blend of art and fashion, making them a must-see for fans of both worlds.&#8221;( Trend Hunter magazine)<\/p>\n<p>&#8230;&#8230;&#8230;&#8230;&#8230;&#8230;&#8230;&#8230;&#8230;&#8230;&#8230;&#8230;&#8230;&#8230;&#8230;&#8230;&#8230;&#8230;&#8230;&#8230;&#8230;&#8230;&#8230;&#8230;&#8230;&#8230;<\/p>\n<p>Mar\u00eda Casais -Caleis- reside en La Coru\u00f1a, Espa\u00f1a, donde se licenci\u00f3 en Derecho, aunque hoy en d\u00eda est\u00e1 totalmente volcada en el mundo de la ilustraci\u00f3n. Su obra ha sido exhibida en galer\u00edas de M\u00e9jico, La Coru\u00f1a y Barcelona y publicada en algunos de los mejores portales online de tendencias y dise\u00f1o, adem\u00e1s de en blogs y revistas de moda e ilustraci\u00f3n. Enfocada en el universo femenino con toda la profundidad que ello implica, su obra es manual, realizada con l\u00e1pices, acuarelas y recortes de papel est\u00e1 fuertemente influenciada por ilustraci\u00f3n de moda y la fotograf\u00eda.<\/div><\/div><\/div><\/div><\/div><div class=\"fusion-clearfix\"><\/div><\/div><\/div><div class=\"fusion-layout-column fusion_builder_column fusion-builder-column-1 fusion_builder_column_1_1 1_1 fusion-one-full fusion-column-first fusion-column-last fusion-column-no-min-height\" style=\"--awb-bg-size:cover;--awb-margin-bottom:0px;\"><div class=\"fusion-column-wrapper fusion-flex-column-wrapper-legacy\"><div class=\"fusion-text fusion-text-1\">\n\t\t<style type=\"text\/css\">\n\t\t\t#gallery-1 {\n\t\t\t\tmargin: auto;\n\t\t\t}\n\t\t\t#gallery-1 .gallery-item {\n\t\t\t\tfloat: left;\n\t\t\t\tmargin-top: 10px;\n\t\t\t\ttext-align: center;\n\t\t\t\twidth: 100%;\n\t\t\t}\n\t\t\t#gallery-1 img {\n\t\t\t\tborder: 2px solid #cfcfcf;\n\t\t\t}\n\t\t\t#gallery-1 .gallery-caption {\n\t\t\t\tmargin-left: 0;\n\t\t\t}\n\t\t\t\/* see gallery_shortcode() in wp-includes\/media.php *\/\n\t\t<\/style>\n\t\t<div id='gallery-1' class='gallery galleryid-16172 gallery-columns-1 gallery-size-full'><dl class='gallery-item'>\n\t\t\t<dt class='gallery-icon landscape'>\n\t\t\t\t<a data-rel=\"iLightbox[postimages]\" data-title=\"agencia-de-ilustracion-june-illustration-ilustradora-maria-caleis-ilustracion-1\" data-caption=\"\" href='https:\/\/www.june-illustration.com\/wp-content\/uploads\/agencia-de-ilustracion-june-illustration-ilustradora-maria-caleis-ilustracion-1.jpg'><img decoding=\"async\" width=\"850\" height=\"672\" src=\"https:\/\/www.june-illustration.com\/wp-content\/uploads\/agencia-de-ilustracion-june-illustration-ilustradora-maria-caleis-ilustracion-1.jpg\" class=\"attachment-full size-full\" alt=\"\" srcset=\"https:\/\/www.june-illustration.com\/wp-content\/uploads\/agencia-de-ilustracion-june-illustration-ilustradora-maria-caleis-ilustracion-1-200x158.jpg 200w, https:\/\/www.june-illustration.com\/wp-content\/uploads\/agencia-de-ilustracion-june-illustration-ilustradora-maria-caleis-ilustracion-1-300x237.jpg 300w, https:\/\/www.june-illustration.com\/wp-content\/uploads\/agencia-de-ilustracion-june-illustration-ilustradora-maria-caleis-ilustracion-1-400x316.jpg 400w, https:\/\/www.june-illustration.com\/wp-content\/uploads\/agencia-de-ilustracion-june-illustration-ilustradora-maria-caleis-ilustracion-1-600x474.jpg 600w, https:\/\/www.june-illustration.com\/wp-content\/uploads\/agencia-de-ilustracion-june-illustration-ilustradora-maria-caleis-ilustracion-1-768x607.jpg 768w, https:\/\/www.june-illustration.com\/wp-content\/uploads\/agencia-de-ilustracion-june-illustration-ilustradora-maria-caleis-ilustracion-1-800x632.jpg 800w, https:\/\/www.june-illustration.com\/wp-content\/uploads\/agencia-de-ilustracion-june-illustration-ilustradora-maria-caleis-ilustracion-1.jpg 850w\" sizes=\"(max-width: 850px) 100vw, 850px\" \/><\/a>\n\t\t\t<\/dt><\/dl><br style=\"clear: both\" \/><dl class='gallery-item'>\n\t\t\t<dt class='gallery-icon landscape'>\n\t\t\t\t<a data-rel=\"iLightbox[postimages]\" data-title=\"agencia-de-ilustracion-june-illustration-ilustradora-maria-caleis-ilustracion-2\" data-caption=\"\" href='https:\/\/www.june-illustration.com\/wp-content\/uploads\/agencia-de-ilustracion-june-illustration-ilustradora-maria-caleis-ilustracion-2.jpg'><img decoding=\"async\" width=\"800\" height=\"730\" src=\"https:\/\/www.june-illustration.com\/wp-content\/uploads\/agencia-de-ilustracion-june-illustration-ilustradora-maria-caleis-ilustracion-2.jpg\" class=\"attachment-full size-full\" alt=\"\" srcset=\"https:\/\/www.june-illustration.com\/wp-content\/uploads\/agencia-de-ilustracion-june-illustration-ilustradora-maria-caleis-ilustracion-2-200x183.jpg 200w, https:\/\/www.june-illustration.com\/wp-content\/uploads\/agencia-de-ilustracion-june-illustration-ilustradora-maria-caleis-ilustracion-2-300x274.jpg 300w, https:\/\/www.june-illustration.com\/wp-content\/uploads\/agencia-de-ilustracion-june-illustration-ilustradora-maria-caleis-ilustracion-2-400x365.jpg 400w, https:\/\/www.june-illustration.com\/wp-content\/uploads\/agencia-de-ilustracion-june-illustration-ilustradora-maria-caleis-ilustracion-2-600x548.jpg 600w, https:\/\/www.june-illustration.com\/wp-content\/uploads\/agencia-de-ilustracion-june-illustration-ilustradora-maria-caleis-ilustracion-2-768x701.jpg 768w, https:\/\/www.june-illustration.com\/wp-content\/uploads\/agencia-de-ilustracion-june-illustration-ilustradora-maria-caleis-ilustracion-2.jpg 800w\" sizes=\"(max-width: 800px) 100vw, 800px\" \/><\/a>\n\t\t\t<\/dt><\/dl><br style=\"clear: both\" \/><dl class='gallery-item'>\n\t\t\t<dt class='gallery-icon portrait'>\n\t\t\t\t<a data-rel=\"iLightbox[postimages]\" data-title=\"agencia-de-ilustracion-june-illustration-ilustradora-maria-caleis-ilustracion-3\" data-caption=\"\" href='https:\/\/www.june-illustration.com\/wp-content\/uploads\/agencia-de-ilustracion-june-illustration-ilustradora-maria-caleis-ilustracion-3.jpg'><img decoding=\"async\" width=\"600\" height=\"860\" src=\"https:\/\/www.june-illustration.com\/wp-content\/uploads\/agencia-de-ilustracion-june-illustration-ilustradora-maria-caleis-ilustracion-3.jpg\" class=\"attachment-full size-full\" alt=\"\" srcset=\"https:\/\/www.june-illustration.com\/wp-content\/uploads\/agencia-de-ilustracion-june-illustration-ilustradora-maria-caleis-ilustracion-3-200x287.jpg 200w, https:\/\/www.june-illustration.com\/wp-content\/uploads\/agencia-de-ilustracion-june-illustration-ilustradora-maria-caleis-ilustracion-3-209x300.jpg 209w, https:\/\/www.june-illustration.com\/wp-content\/uploads\/agencia-de-ilustracion-june-illustration-ilustradora-maria-caleis-ilustracion-3-400x573.jpg 400w, https:\/\/www.june-illustration.com\/wp-content\/uploads\/agencia-de-ilustracion-june-illustration-ilustradora-maria-caleis-ilustracion-3.jpg 600w\" sizes=\"(max-width: 600px) 100vw, 600px\" \/><\/a>\n\t\t\t<\/dt><\/dl><br style=\"clear: both\" \/><dl class='gallery-item'>\n\t\t\t<dt class='gallery-icon portrait'>\n\t\t\t\t<a data-rel=\"iLightbox[postimages]\" data-title=\"agencia-de-ilustracion-june-illustration-ilustradora-maria-caleis-ilustracion-4\" data-caption=\"\" href='https:\/\/www.june-illustration.com\/wp-content\/uploads\/agencia-de-ilustracion-june-illustration-ilustradora-maria-caleis-ilustracion-4.jpg'><img decoding=\"async\" width=\"600\" height=\"905\" src=\"https:\/\/www.june-illustration.com\/wp-content\/uploads\/agencia-de-ilustracion-june-illustration-ilustradora-maria-caleis-ilustracion-4.jpg\" class=\"attachment-full size-full\" alt=\"\" srcset=\"https:\/\/www.june-illustration.com\/wp-content\/uploads\/agencia-de-ilustracion-june-illustration-ilustradora-maria-caleis-ilustracion-4-199x300.jpg 199w, https:\/\/www.june-illustration.com\/wp-content\/uploads\/agencia-de-ilustracion-june-illustration-ilustradora-maria-caleis-ilustracion-4-200x302.jpg 200w, https:\/\/www.june-illustration.com\/wp-content\/uploads\/agencia-de-ilustracion-june-illustration-ilustradora-maria-caleis-ilustracion-4-400x603.jpg 400w, https:\/\/www.june-illustration.com\/wp-content\/uploads\/agencia-de-ilustracion-june-illustration-ilustradora-maria-caleis-ilustracion-4.jpg 600w\" sizes=\"(max-width: 600px) 100vw, 600px\" \/><\/a>\n\t\t\t<\/dt><\/dl><br style=\"clear: both\" \/><dl class='gallery-item'>\n\t\t\t<dt class='gallery-icon landscape'>\n\t\t\t\t<a data-rel=\"iLightbox[postimages]\" data-title=\"agencia-de-ilustracion-june-illustration-ilustradora-maria-caleis-ilustracion-5\" data-caption=\"\" href='https:\/\/www.june-illustration.com\/wp-content\/uploads\/agencia-de-ilustracion-june-illustration-ilustradora-maria-caleis-ilustracion-5.jpg'><img decoding=\"async\" width=\"799\" height=\"780\" src=\"https:\/\/www.june-illustration.com\/wp-content\/uploads\/agencia-de-ilustracion-june-illustration-ilustradora-maria-caleis-ilustracion-5.jpg\" class=\"attachment-full size-full\" alt=\"\" srcset=\"https:\/\/www.june-illustration.com\/wp-content\/uploads\/agencia-de-ilustracion-june-illustration-ilustradora-maria-caleis-ilustracion-5-200x195.jpg 200w, https:\/\/www.june-illustration.com\/wp-content\/uploads\/agencia-de-ilustracion-june-illustration-ilustradora-maria-caleis-ilustracion-5-300x293.jpg 300w, https:\/\/www.june-illustration.com\/wp-content\/uploads\/agencia-de-ilustracion-june-illustration-ilustradora-maria-caleis-ilustracion-5-400x390.jpg 400w, https:\/\/www.june-illustration.com\/wp-content\/uploads\/agencia-de-ilustracion-june-illustration-ilustradora-maria-caleis-ilustracion-5-600x586.jpg 600w, https:\/\/www.june-illustration.com\/wp-content\/uploads\/agencia-de-ilustracion-june-illustration-ilustradora-maria-caleis-ilustracion-5-768x750.jpg 768w, https:\/\/www.june-illustration.com\/wp-content\/uploads\/agencia-de-ilustracion-june-illustration-ilustradora-maria-caleis-ilustracion-5.jpg 799w\" sizes=\"(max-width: 799px) 100vw, 799px\" \/><\/a>\n\t\t\t<\/dt><\/dl><br style=\"clear: both\" \/><dl class='gallery-item'>\n\t\t\t<dt class='gallery-icon portrait'>\n\t\t\t\t<a data-rel=\"iLightbox[postimages]\" data-title=\"agencia-de-ilustracion-june-illustration-ilustradora-maria-caleis-ilustracion-6\" data-caption=\"\" href='https:\/\/www.june-illustration.com\/wp-content\/uploads\/agencia-de-ilustracion-june-illustration-ilustradora-maria-caleis-ilustracion-6.jpg'><img decoding=\"async\" width=\"600\" height=\"791\" src=\"https:\/\/www.june-illustration.com\/wp-content\/uploads\/agencia-de-ilustracion-june-illustration-ilustradora-maria-caleis-ilustracion-6.jpg\" class=\"attachment-full size-full\" alt=\"\" srcset=\"https:\/\/www.june-illustration.com\/wp-content\/uploads\/agencia-de-ilustracion-june-illustration-ilustradora-maria-caleis-ilustracion-6-200x264.jpg 200w, https:\/\/www.june-illustration.com\/wp-content\/uploads\/agencia-de-ilustracion-june-illustration-ilustradora-maria-caleis-ilustracion-6-228x300.jpg 228w, https:\/\/www.june-illustration.com\/wp-content\/uploads\/agencia-de-ilustracion-june-illustration-ilustradora-maria-caleis-ilustracion-6-400x527.jpg 400w, https:\/\/www.june-illustration.com\/wp-content\/uploads\/agencia-de-ilustracion-june-illustration-ilustradora-maria-caleis-ilustracion-6.jpg 600w\" sizes=\"(max-width: 600px) 100vw, 600px\" \/><\/a>\n\t\t\t<\/dt><\/dl><br style=\"clear: both\" \/><dl class='gallery-item'>\n\t\t\t<dt class='gallery-icon portrait'>\n\t\t\t\t<a data-rel=\"iLightbox[postimages]\" data-title=\"agencia-de-ilustracion-june-illustration-ilustradora-maria-caleis-ilustracion-7\" data-caption=\"\" href='https:\/\/www.june-illustration.com\/wp-content\/uploads\/agencia-de-ilustracion-june-illustration-ilustradora-maria-caleis-ilustracion-7.jpg'><img decoding=\"async\" width=\"632\" height=\"975\" src=\"https:\/\/www.june-illustration.com\/wp-content\/uploads\/agencia-de-ilustracion-june-illustration-ilustradora-maria-caleis-ilustracion-7.jpg\" class=\"attachment-full size-full\" alt=\"\" srcset=\"https:\/\/www.june-illustration.com\/wp-content\/uploads\/agencia-de-ilustracion-june-illustration-ilustradora-maria-caleis-ilustracion-7-194x300.jpg 194w, https:\/\/www.june-illustration.com\/wp-content\/uploads\/agencia-de-ilustracion-june-illustration-ilustradora-maria-caleis-ilustracion-7-200x309.jpg 200w, https:\/\/www.june-illustration.com\/wp-content\/uploads\/agencia-de-ilustracion-june-illustration-ilustradora-maria-caleis-ilustracion-7-400x617.jpg 400w, https:\/\/www.june-illustration.com\/wp-content\/uploads\/agencia-de-ilustracion-june-illustration-ilustradora-maria-caleis-ilustracion-7-600x926.jpg 600w, https:\/\/www.june-illustration.com\/wp-content\/uploads\/agencia-de-ilustracion-june-illustration-ilustradora-maria-caleis-ilustracion-7.jpg 632w\" sizes=\"(max-width: 632px) 100vw, 632px\" \/><\/a>\n\t\t\t<\/dt><\/dl><br style=\"clear: both\" \/><dl class='gallery-item'>\n\t\t\t<dt class='gallery-icon landscape'>\n\t\t\t\t<a data-rel=\"iLightbox[postimages]\" data-title=\"agencia-de-ilustracion-june-illustration-ilustradora-maria-caleis-ilustracion-8\" data-caption=\"\" href='https:\/\/www.june-illustration.com\/wp-content\/uploads\/agencia-de-ilustracion-june-illustration-ilustradora-maria-caleis-ilustracion-8.jpg'><img decoding=\"async\" width=\"800\" height=\"658\" src=\"https:\/\/www.june-illustration.com\/wp-content\/uploads\/agencia-de-ilustracion-june-illustration-ilustradora-maria-caleis-ilustracion-8.jpg\" class=\"attachment-full size-full\" alt=\"\" srcset=\"https:\/\/www.june-illustration.com\/wp-content\/uploads\/agencia-de-ilustracion-june-illustration-ilustradora-maria-caleis-ilustracion-8-200x165.jpg 200w, https:\/\/www.june-illustration.com\/wp-content\/uploads\/agencia-de-ilustracion-june-illustration-ilustradora-maria-caleis-ilustracion-8-300x247.jpg 300w, https:\/\/www.june-illustration.com\/wp-content\/uploads\/agencia-de-ilustracion-june-illustration-ilustradora-maria-caleis-ilustracion-8-400x329.jpg 400w, https:\/\/www.june-illustration.com\/wp-content\/uploads\/agencia-de-ilustracion-june-illustration-ilustradora-maria-caleis-ilustracion-8-600x494.jpg 600w, https:\/\/www.june-illustration.com\/wp-content\/uploads\/agencia-de-ilustracion-june-illustration-ilustradora-maria-caleis-ilustracion-8-768x632.jpg 768w, https:\/\/www.june-illustration.com\/wp-content\/uploads\/agencia-de-ilustracion-june-illustration-ilustradora-maria-caleis-ilustracion-8.jpg 800w\" sizes=\"(max-width: 800px) 100vw, 800px\" \/><\/a>\n\t\t\t<\/dt><\/dl><br style=\"clear: both\" \/><dl class='gallery-item'>\n\t\t\t<dt class='gallery-icon portrait'>\n\t\t\t\t<a data-rel=\"iLightbox[postimages]\" data-title=\"agencia-de-ilustracion-june-illustration-ilustradora-maria-caleis-ilustracion-9\" data-caption=\"\" href='https:\/\/www.june-illustration.com\/wp-content\/uploads\/agencia-de-ilustracion-june-illustration-ilustradora-maria-caleis-ilustracion-9.jpg'><img decoding=\"async\" width=\"600\" height=\"773\" src=\"https:\/\/www.june-illustration.com\/wp-content\/uploads\/agencia-de-ilustracion-june-illustration-ilustradora-maria-caleis-ilustracion-9.jpg\" class=\"attachment-full size-full\" alt=\"\" srcset=\"https:\/\/www.june-illustration.com\/wp-content\/uploads\/agencia-de-ilustracion-june-illustration-ilustradora-maria-caleis-ilustracion-9-200x258.jpg 200w, https:\/\/www.june-illustration.com\/wp-content\/uploads\/agencia-de-ilustracion-june-illustration-ilustradora-maria-caleis-ilustracion-9-233x300.jpg 233w, https:\/\/www.june-illustration.com\/wp-content\/uploads\/agencia-de-ilustracion-june-illustration-ilustradora-maria-caleis-ilustracion-9-400x515.jpg 400w, https:\/\/www.june-illustration.com\/wp-content\/uploads\/agencia-de-ilustracion-june-illustration-ilustradora-maria-caleis-ilustracion-9.jpg 600w\" sizes=\"(max-width: 600px) 100vw, 600px\" \/><\/a>\n\t\t\t<\/dt><\/dl><br style=\"clear: both\" \/><dl class='gallery-item'>\n\t\t\t<dt class='gallery-icon portrait'>\n\t\t\t\t<a data-rel=\"iLightbox[postimages]\" data-title=\"agencia-de-ilustracion-june-illustration-ilustradora-maria-caleis-ilustracion-10\" data-caption=\"\" href='https:\/\/www.june-illustration.com\/wp-content\/uploads\/agencia-de-ilustracion-june-illustration-ilustradora-maria-caleis-ilustracion-10.jpg'><img decoding=\"async\" width=\"800\" height=\"984\" src=\"https:\/\/www.june-illustration.com\/wp-content\/uploads\/agencia-de-ilustracion-june-illustration-ilustradora-maria-caleis-ilustracion-10.jpg\" class=\"attachment-full size-full\" alt=\"\" srcset=\"https:\/\/www.june-illustration.com\/wp-content\/uploads\/agencia-de-ilustracion-june-illustration-ilustradora-maria-caleis-ilustracion-10-200x246.jpg 200w, https:\/\/www.june-illustration.com\/wp-content\/uploads\/agencia-de-ilustracion-june-illustration-ilustradora-maria-caleis-ilustracion-10-244x300.jpg 244w, https:\/\/www.june-illustration.com\/wp-content\/uploads\/agencia-de-ilustracion-june-illustration-ilustradora-maria-caleis-ilustracion-10-400x492.jpg 400w, https:\/\/www.june-illustration.com\/wp-content\/uploads\/agencia-de-ilustracion-june-illustration-ilustradora-maria-caleis-ilustracion-10-600x738.jpg 600w, https:\/\/www.june-illustration.com\/wp-content\/uploads\/agencia-de-ilustracion-june-illustration-ilustradora-maria-caleis-ilustracion-10-768x945.jpg 768w, https:\/\/www.june-illustration.com\/wp-content\/uploads\/agencia-de-ilustracion-june-illustration-ilustradora-maria-caleis-ilustracion-10.jpg 800w\" sizes=\"(max-width: 800px) 100vw, 800px\" \/><\/a>\n\t\t\t<\/dt><\/dl><br style=\"clear: both\" \/><dl class='gallery-item'>\n\t\t\t<dt class='gallery-icon portrait'>\n\t\t\t\t<a data-rel=\"iLightbox[postimages]\" data-title=\"agencia-de-ilustracion-june-illustration-ilustradora-maria-caleis-ilustracion-11\" data-caption=\"\" href='https:\/\/www.june-illustration.com\/wp-content\/uploads\/agencia-de-ilustracion-june-illustration-ilustradora-maria-caleis-ilustracion-11.jpg'><img decoding=\"async\" width=\"600\" height=\"842\" src=\"https:\/\/www.june-illustration.com\/wp-content\/uploads\/agencia-de-ilustracion-june-illustration-ilustradora-maria-caleis-ilustracion-11.jpg\" class=\"attachment-full size-full\" alt=\"\" srcset=\"https:\/\/www.june-illustration.com\/wp-content\/uploads\/agencia-de-ilustracion-june-illustration-ilustradora-maria-caleis-ilustracion-11-200x281.jpg 200w, https:\/\/www.june-illustration.com\/wp-content\/uploads\/agencia-de-ilustracion-june-illustration-ilustradora-maria-caleis-ilustracion-11-214x300.jpg 214w, https:\/\/www.june-illustration.com\/wp-content\/uploads\/agencia-de-ilustracion-june-illustration-ilustradora-maria-caleis-ilustracion-11-400x561.jpg 400w, https:\/\/www.june-illustration.com\/wp-content\/uploads\/agencia-de-ilustracion-june-illustration-ilustradora-maria-caleis-ilustracion-11.jpg 600w\" sizes=\"(max-width: 600px) 100vw, 600px\" \/><\/a>\n\t\t\t<\/dt><\/dl><br style=\"clear: both\" \/><dl class='gallery-item'>\n\t\t\t<dt class='gallery-icon portrait'>\n\t\t\t\t<a data-rel=\"iLightbox[postimages]\" data-title=\"agencia-de-ilustracion-june-illustration-ilustradora-maria-caleis-ilustracion12\" data-caption=\"\" href='https:\/\/www.june-illustration.com\/wp-content\/uploads\/agencia-de-ilustracion-june-illustration-ilustradora-maria-caleis-ilustracion12.jpg'><img decoding=\"async\" width=\"600\" height=\"832\" src=\"https:\/\/www.june-illustration.com\/wp-content\/uploads\/agencia-de-ilustracion-june-illustration-ilustradora-maria-caleis-ilustracion12.jpg\" class=\"attachment-full size-full\" alt=\"\" srcset=\"https:\/\/www.june-illustration.com\/wp-content\/uploads\/agencia-de-ilustracion-june-illustration-ilustradora-maria-caleis-ilustracion12-200x277.jpg 200w, https:\/\/www.june-illustration.com\/wp-content\/uploads\/agencia-de-ilustracion-june-illustration-ilustradora-maria-caleis-ilustracion12-216x300.jpg 216w, https:\/\/www.june-illustration.com\/wp-content\/uploads\/agencia-de-ilustracion-june-illustration-ilustradora-maria-caleis-ilustracion12-400x555.jpg 400w, https:\/\/www.june-illustration.com\/wp-content\/uploads\/agencia-de-ilustracion-june-illustration-ilustradora-maria-caleis-ilustracion12.jpg 600w\" sizes=\"(max-width: 600px) 100vw, 600px\" \/><\/a>\n\t\t\t<\/dt><\/dl><br style=\"clear: both\" \/><dl class='gallery-item'>\n\t\t\t<dt class='gallery-icon portrait'>\n\t\t\t\t<a data-rel=\"iLightbox[postimages]\" data-title=\"agencia-de-ilustracion-june-illustration-ilustradora-maria-caleis-ilustracion-13\" data-caption=\"\" href='https:\/\/www.june-illustration.com\/wp-content\/uploads\/agencia-de-ilustracion-june-illustration-ilustradora-maria-caleis-ilustracion-13.jpg'><img decoding=\"async\" width=\"559\" height=\"1024\" src=\"https:\/\/www.june-illustration.com\/wp-content\/uploads\/agencia-de-ilustracion-june-illustration-ilustradora-maria-caleis-ilustracion-13.jpg\" class=\"attachment-full size-full\" alt=\"\" srcset=\"https:\/\/www.june-illustration.com\/wp-content\/uploads\/agencia-de-ilustracion-june-illustration-ilustradora-maria-caleis-ilustracion-13-164x300.jpg 164w, https:\/\/www.june-illustration.com\/wp-content\/uploads\/agencia-de-ilustracion-june-illustration-ilustradora-maria-caleis-ilustracion-13-200x366.jpg 200w, https:\/\/www.june-illustration.com\/wp-content\/uploads\/agencia-de-ilustracion-june-illustration-ilustradora-maria-caleis-ilustracion-13-400x733.jpg 400w, https:\/\/www.june-illustration.com\/wp-content\/uploads\/agencia-de-ilustracion-june-illustration-ilustradora-maria-caleis-ilustracion-13.jpg 559w\" sizes=\"(max-width: 559px) 100vw, 559px\" \/><\/a>\n\t\t\t<\/dt><\/dl><br style=\"clear: both\" \/><dl class='gallery-item'>\n\t\t\t<dt class='gallery-icon portrait'>\n\t\t\t\t<a data-rel=\"iLightbox[postimages]\" data-title=\"agencia-de-ilustracion-june-illustration-ilustradora-maria-caleis-ilustracion14\" data-caption=\"\" href='https:\/\/www.june-illustration.com\/wp-content\/uploads\/agencia-de-ilustracion-june-illustration-ilustradora-maria-caleis-ilustracion14.jpg'><img decoding=\"async\" width=\"600\" height=\"818\" src=\"https:\/\/www.june-illustration.com\/wp-content\/uploads\/agencia-de-ilustracion-june-illustration-ilustradora-maria-caleis-ilustracion14.jpg\" class=\"attachment-full size-full\" alt=\"\" srcset=\"https:\/\/www.june-illustration.com\/wp-content\/uploads\/agencia-de-ilustracion-june-illustration-ilustradora-maria-caleis-ilustracion14-200x273.jpg 200w, https:\/\/www.june-illustration.com\/wp-content\/uploads\/agencia-de-ilustracion-june-illustration-ilustradora-maria-caleis-ilustracion14-220x300.jpg 220w, https:\/\/www.june-illustration.com\/wp-content\/uploads\/agencia-de-ilustracion-june-illustration-ilustradora-maria-caleis-ilustracion14-400x545.jpg 400w, https:\/\/www.june-illustration.com\/wp-content\/uploads\/agencia-de-ilustracion-june-illustration-ilustradora-maria-caleis-ilustracion14.jpg 600w\" sizes=\"(max-width: 600px) 100vw, 600px\" \/><\/a>\n\t\t\t<\/dt><\/dl><br style=\"clear: both\" \/><dl class='gallery-item'>\n\t\t\t<dt class='gallery-icon portrait'>\n\t\t\t\t<a data-rel=\"iLightbox[postimages]\" data-title=\"agencia-de-ilustracion-june-illustration-ilustradora-maria-caleis-ilustracion-15\" data-caption=\"\" href='https:\/\/www.june-illustration.com\/wp-content\/uploads\/agencia-de-ilustracion-june-illustration-ilustradora-maria-caleis-ilustracion-15.jpg'><img decoding=\"async\" width=\"800\" height=\"868\" src=\"https:\/\/www.june-illustration.com\/wp-content\/uploads\/agencia-de-ilustracion-june-illustration-ilustradora-maria-caleis-ilustracion-15.jpg\" class=\"attachment-full size-full\" alt=\"\" srcset=\"https:\/\/www.june-illustration.com\/wp-content\/uploads\/agencia-de-ilustracion-june-illustration-ilustradora-maria-caleis-ilustracion-15-200x217.jpg 200w, https:\/\/www.june-illustration.com\/wp-content\/uploads\/agencia-de-ilustracion-june-illustration-ilustradora-maria-caleis-ilustracion-15-276x300.jpg 276w, https:\/\/www.june-illustration.com\/wp-content\/uploads\/agencia-de-ilustracion-june-illustration-ilustradora-maria-caleis-ilustracion-15-400x434.jpg 400w, https:\/\/www.june-illustration.com\/wp-content\/uploads\/agencia-de-ilustracion-june-illustration-ilustradora-maria-caleis-ilustracion-15-600x651.jpg 600w, https:\/\/www.june-illustration.com\/wp-content\/uploads\/agencia-de-ilustracion-june-illustration-ilustradora-maria-caleis-ilustracion-15-768x833.jpg 768w, https:\/\/www.june-illustration.com\/wp-content\/uploads\/agencia-de-ilustracion-june-illustration-ilustradora-maria-caleis-ilustracion-15.jpg 800w\" sizes=\"(max-width: 800px) 100vw, 800px\" \/><\/a>\n\t\t\t<\/dt><\/dl><br style=\"clear: both\" \/><dl class='gallery-item'>\n\t\t\t<dt class='gallery-icon portrait'>\n\t\t\t\t<a data-rel=\"iLightbox[postimages]\" data-title=\"agencia-de-ilustracion-june-illustration-ilustradora-maria-caleis-ilustracion-16\" data-caption=\"\" href='https:\/\/www.june-illustration.com\/wp-content\/uploads\/agencia-de-ilustracion-june-illustration-ilustradora-maria-caleis-ilustracion-16.jpg'><img decoding=\"async\" width=\"600\" height=\"828\" src=\"https:\/\/www.june-illustration.com\/wp-content\/uploads\/agencia-de-ilustracion-june-illustration-ilustradora-maria-caleis-ilustracion-16.jpg\" class=\"attachment-full size-full\" alt=\"\" srcset=\"https:\/\/www.june-illustration.com\/wp-content\/uploads\/agencia-de-ilustracion-june-illustration-ilustradora-maria-caleis-ilustracion-16-200x276.jpg 200w, https:\/\/www.june-illustration.com\/wp-content\/uploads\/agencia-de-ilustracion-june-illustration-ilustradora-maria-caleis-ilustracion-16-217x300.jpg 217w, https:\/\/www.june-illustration.com\/wp-content\/uploads\/agencia-de-ilustracion-june-illustration-ilustradora-maria-caleis-ilustracion-16-400x552.jpg 400w, https:\/\/www.june-illustration.com\/wp-content\/uploads\/agencia-de-ilustracion-june-illustration-ilustradora-maria-caleis-ilustracion-16.jpg 600w\" sizes=\"(max-width: 600px) 100vw, 600px\" \/><\/a>\n\t\t\t<\/dt><\/dl><br style=\"clear: both\" \/><dl class='gallery-item'>\n\t\t\t<dt class='gallery-icon portrait'>\n\t\t\t\t<a data-rel=\"iLightbox[postimages]\" data-title=\"agencia-de-ilustracion-june-illustration-ilustradora-maria-caleis-ilustracion-17\" data-caption=\"\" href='https:\/\/www.june-illustration.com\/wp-content\/uploads\/agencia-de-ilustracion-june-illustration-ilustradora-maria-caleis-ilustracion-17.jpg'><img decoding=\"async\" width=\"807\" height=\"960\" src=\"https:\/\/www.june-illustration.com\/wp-content\/uploads\/agencia-de-ilustracion-june-illustration-ilustradora-maria-caleis-ilustracion-17.jpg\" class=\"attachment-full size-full\" alt=\"\" srcset=\"https:\/\/www.june-illustration.com\/wp-content\/uploads\/agencia-de-ilustracion-june-illustration-ilustradora-maria-caleis-ilustracion-17-200x238.jpg 200w, https:\/\/www.june-illustration.com\/wp-content\/uploads\/agencia-de-ilustracion-june-illustration-ilustradora-maria-caleis-ilustracion-17-252x300.jpg 252w, https:\/\/www.june-illustration.com\/wp-content\/uploads\/agencia-de-ilustracion-june-illustration-ilustradora-maria-caleis-ilustracion-17-400x476.jpg 400w, https:\/\/www.june-illustration.com\/wp-content\/uploads\/agencia-de-ilustracion-june-illustration-ilustradora-maria-caleis-ilustracion-17-600x714.jpg 600w, https:\/\/www.june-illustration.com\/wp-content\/uploads\/agencia-de-ilustracion-june-illustration-ilustradora-maria-caleis-ilustracion-17-768x914.jpg 768w, https:\/\/www.june-illustration.com\/wp-content\/uploads\/agencia-de-ilustracion-june-illustration-ilustradora-maria-caleis-ilustracion-17-800x952.jpg 800w, https:\/\/www.june-illustration.com\/wp-content\/uploads\/agencia-de-ilustracion-june-illustration-ilustradora-maria-caleis-ilustracion-17.jpg 807w\" sizes=\"(max-width: 807px) 100vw, 807px\" \/><\/a>\n\t\t\t<\/dt><\/dl><br style=\"clear: both\" \/><dl class='gallery-item'>\n\t\t\t<dt class='gallery-icon portrait'>\n\t\t\t\t<a data-rel=\"iLightbox[postimages]\" data-title=\"agencia-de-ilustracion-june-illustration-ilustradora-maria-caleis-ilustracion-18\" data-caption=\"\" href='https:\/\/www.june-illustration.com\/wp-content\/uploads\/agencia-de-ilustracion-june-illustration-ilustradora-maria-caleis-ilustracion-18.jpg'><img decoding=\"async\" width=\"600\" height=\"923\" src=\"https:\/\/www.june-illustration.com\/wp-content\/uploads\/agencia-de-ilustracion-june-illustration-ilustradora-maria-caleis-ilustracion-18.jpg\" class=\"attachment-full size-full\" alt=\"\" srcset=\"https:\/\/www.june-illustration.com\/wp-content\/uploads\/agencia-de-ilustracion-june-illustration-ilustradora-maria-caleis-ilustracion-18-195x300.jpg 195w, https:\/\/www.june-illustration.com\/wp-content\/uploads\/agencia-de-ilustracion-june-illustration-ilustradora-maria-caleis-ilustracion-18-200x308.jpg 200w, https:\/\/www.june-illustration.com\/wp-content\/uploads\/agencia-de-ilustracion-june-illustration-ilustradora-maria-caleis-ilustracion-18-400x615.jpg 400w, https:\/\/www.june-illustration.com\/wp-content\/uploads\/agencia-de-ilustracion-june-illustration-ilustradora-maria-caleis-ilustracion-18.jpg 600w\" sizes=\"(max-width: 600px) 100vw, 600px\" \/><\/a>\n\t\t\t<\/dt><\/dl><br style=\"clear: both\" \/><dl class='gallery-item'>\n\t\t\t<dt class='gallery-icon portrait'>\n\t\t\t\t<a data-rel=\"iLightbox[postimages]\" data-title=\"agencia-de-ilustracion-june-illustration-ilustradora-maria-caleis-ilustracion-19\" data-caption=\"\" href='https:\/\/www.june-illustration.com\/wp-content\/uploads\/agencia-de-ilustracion-june-illustration-ilustradora-maria-caleis-ilustracion-19.jpg'><img decoding=\"async\" width=\"600\" height=\"822\" src=\"https:\/\/www.june-illustration.com\/wp-content\/uploads\/agencia-de-ilustracion-june-illustration-ilustradora-maria-caleis-ilustracion-19.jpg\" class=\"attachment-full size-full\" alt=\"\" srcset=\"https:\/\/www.june-illustration.com\/wp-content\/uploads\/agencia-de-ilustracion-june-illustration-ilustradora-maria-caleis-ilustracion-19-200x274.jpg 200w, https:\/\/www.june-illustration.com\/wp-content\/uploads\/agencia-de-ilustracion-june-illustration-ilustradora-maria-caleis-ilustracion-19-219x300.jpg 219w, https:\/\/www.june-illustration.com\/wp-content\/uploads\/agencia-de-ilustracion-june-illustration-ilustradora-maria-caleis-ilustracion-19-400x548.jpg 400w, https:\/\/www.june-illustration.com\/wp-content\/uploads\/agencia-de-ilustracion-june-illustration-ilustradora-maria-caleis-ilustracion-19.jpg 600w\" sizes=\"(max-width: 600px) 100vw, 600px\" \/><\/a>\n\t\t\t<\/dt><\/dl><br style=\"clear: both\" \/><dl class='gallery-item'>\n\t\t\t<dt class='gallery-icon landscape'>\n\t\t\t\t<a data-rel=\"iLightbox[postimages]\" data-title=\"agencia-de-ilustracion-june-illustration-ilustradora-maria-caleis-ilustracion-20\" data-caption=\"\" href='https:\/\/www.june-illustration.com\/wp-content\/uploads\/agencia-de-ilustracion-june-illustration-ilustradora-maria-caleis-ilustracion-20.jpg'><img decoding=\"async\" width=\"900\" height=\"729\" src=\"https:\/\/www.june-illustration.com\/wp-content\/uploads\/agencia-de-ilustracion-june-illustration-ilustradora-maria-caleis-ilustracion-20.jpg\" class=\"attachment-full size-full\" alt=\"\" srcset=\"https:\/\/www.june-illustration.com\/wp-content\/uploads\/agencia-de-ilustracion-june-illustration-ilustradora-maria-caleis-ilustracion-20-177x142.jpg 177w, https:\/\/www.june-illustration.com\/wp-content\/uploads\/agencia-de-ilustracion-june-illustration-ilustradora-maria-caleis-ilustracion-20-200x162.jpg 200w, https:\/\/www.june-illustration.com\/wp-content\/uploads\/agencia-de-ilustracion-june-illustration-ilustradora-maria-caleis-ilustracion-20-300x243.jpg 300w, https:\/\/www.june-illustration.com\/wp-content\/uploads\/agencia-de-ilustracion-june-illustration-ilustradora-maria-caleis-ilustracion-20-400x324.jpg 400w, https:\/\/www.june-illustration.com\/wp-content\/uploads\/agencia-de-ilustracion-june-illustration-ilustradora-maria-caleis-ilustracion-20-600x486.jpg 600w, https:\/\/www.june-illustration.com\/wp-content\/uploads\/agencia-de-ilustracion-june-illustration-ilustradora-maria-caleis-ilustracion-20-768x622.jpg 768w, https:\/\/www.june-illustration.com\/wp-content\/uploads\/agencia-de-ilustracion-june-illustration-ilustradora-maria-caleis-ilustracion-20-800x648.jpg 800w, https:\/\/www.june-illustration.com\/wp-content\/uploads\/agencia-de-ilustracion-june-illustration-ilustradora-maria-caleis-ilustracion-20.jpg 900w\" sizes=\"(max-width: 900px) 100vw, 900px\" \/><\/a>\n\t\t\t<\/dt><\/dl><br style=\"clear: both\" \/><dl class='gallery-item'>\n\t\t\t<dt class='gallery-icon portrait'>\n\t\t\t\t<a data-rel=\"iLightbox[postimages]\" data-title=\"agencia-de-ilustracion-june-illustration-ilustradora-maria-caleis-ilustracion-21\" data-caption=\"\" href='https:\/\/www.june-illustration.com\/wp-content\/uploads\/agencia-de-ilustracion-june-illustration-ilustradora-maria-caleis-ilustracion-21.jpg'><img decoding=\"async\" width=\"600\" height=\"895\" src=\"https:\/\/www.june-illustration.com\/wp-content\/uploads\/agencia-de-ilustracion-june-illustration-ilustradora-maria-caleis-ilustracion-21.jpg\" class=\"attachment-full size-full\" alt=\"\" srcset=\"https:\/\/www.june-illustration.com\/wp-content\/uploads\/agencia-de-ilustracion-june-illustration-ilustradora-maria-caleis-ilustracion-21-200x298.jpg 200w, https:\/\/www.june-illustration.com\/wp-content\/uploads\/agencia-de-ilustracion-june-illustration-ilustradora-maria-caleis-ilustracion-21-201x300.jpg 201w, https:\/\/www.june-illustration.com\/wp-content\/uploads\/agencia-de-ilustracion-june-illustration-ilustradora-maria-caleis-ilustracion-21-400x597.jpg 400w, https:\/\/www.june-illustration.com\/wp-content\/uploads\/agencia-de-ilustracion-june-illustration-ilustradora-maria-caleis-ilustracion-21.jpg 600w\" sizes=\"(max-width: 600px) 100vw, 600px\" \/><\/a>\n\t\t\t<\/dt><\/dl><br style=\"clear: both\" \/><dl class='gallery-item'>\n\t\t\t<dt class='gallery-icon landscape'>\n\t\t\t\t<a data-rel=\"iLightbox[postimages]\" data-title=\"agencia-de-ilustracion-june-illustration-ilustradora-maria-caleis-ilustracion-22\" data-caption=\"\" href='https:\/\/www.june-illustration.com\/wp-content\/uploads\/agencia-de-ilustracion-june-illustration-ilustradora-maria-caleis-ilustracion-22.jpg'><img decoding=\"async\" width=\"900\" height=\"721\" src=\"https:\/\/www.june-illustration.com\/wp-content\/uploads\/agencia-de-ilustracion-june-illustration-ilustradora-maria-caleis-ilustracion-22.jpg\" class=\"attachment-full size-full\" alt=\"\" srcset=\"https:\/\/www.june-illustration.com\/wp-content\/uploads\/agencia-de-ilustracion-june-illustration-ilustradora-maria-caleis-ilustracion-22-177x142.jpg 177w, https:\/\/www.june-illustration.com\/wp-content\/uploads\/agencia-de-ilustracion-june-illustration-ilustradora-maria-caleis-ilustracion-22-200x160.jpg 200w, https:\/\/www.june-illustration.com\/wp-content\/uploads\/agencia-de-ilustracion-june-illustration-ilustradora-maria-caleis-ilustracion-22-300x240.jpg 300w, https:\/\/www.june-illustration.com\/wp-content\/uploads\/agencia-de-ilustracion-june-illustration-ilustradora-maria-caleis-ilustracion-22-400x320.jpg 400w, https:\/\/www.june-illustration.com\/wp-content\/uploads\/agencia-de-ilustracion-june-illustration-ilustradora-maria-caleis-ilustracion-22-600x481.jpg 600w, https:\/\/www.june-illustration.com\/wp-content\/uploads\/agencia-de-ilustracion-june-illustration-ilustradora-maria-caleis-ilustracion-22-768x615.jpg 768w, https:\/\/www.june-illustration.com\/wp-content\/uploads\/agencia-de-ilustracion-june-illustration-ilustradora-maria-caleis-ilustracion-22-800x641.jpg 800w, https:\/\/www.june-illustration.com\/wp-content\/uploads\/agencia-de-ilustracion-june-illustration-ilustradora-maria-caleis-ilustracion-22.jpg 900w\" sizes=\"(max-width: 900px) 100vw, 900px\" \/><\/a>\n\t\t\t<\/dt><\/dl><br style=\"clear: both\" \/><dl class='gallery-item'>\n\t\t\t<dt class='gallery-icon landscape'>\n\t\t\t\t<a data-rel=\"iLightbox[postimages]\" data-title=\"agencia-de-ilustracion-june-illustration-ilustradora-maria-caleis-ilustracion-23\" data-caption=\"\" href='https:\/\/www.june-illustration.com\/wp-content\/uploads\/agencia-de-ilustracion-june-illustration-ilustradora-maria-caleis-ilustracion-23.jpg'><img decoding=\"async\" width=\"900\" height=\"672\" src=\"https:\/\/www.june-illustration.com\/wp-content\/uploads\/agencia-de-ilustracion-june-illustration-ilustradora-maria-caleis-ilustracion-23.jpg\" class=\"attachment-full size-full\" alt=\"\" srcset=\"https:\/\/www.june-illustration.com\/wp-content\/uploads\/agencia-de-ilustracion-june-illustration-ilustradora-maria-caleis-ilustracion-23-200x149.jpg 200w, https:\/\/www.june-illustration.com\/wp-content\/uploads\/agencia-de-ilustracion-june-illustration-ilustradora-maria-caleis-ilustracion-23-300x224.jpg 300w, https:\/\/www.june-illustration.com\/wp-content\/uploads\/agencia-de-ilustracion-june-illustration-ilustradora-maria-caleis-ilustracion-23-400x299.jpg 400w, https:\/\/www.june-illustration.com\/wp-content\/uploads\/agencia-de-ilustracion-june-illustration-ilustradora-maria-caleis-ilustracion-23-600x448.jpg 600w, https:\/\/www.june-illustration.com\/wp-content\/uploads\/agencia-de-ilustracion-june-illustration-ilustradora-maria-caleis-ilustracion-23-768x573.jpg 768w, https:\/\/www.june-illustration.com\/wp-content\/uploads\/agencia-de-ilustracion-june-illustration-ilustradora-maria-caleis-ilustracion-23-800x597.jpg 800w, https:\/\/www.june-illustration.com\/wp-content\/uploads\/agencia-de-ilustracion-june-illustration-ilustradora-maria-caleis-ilustracion-23.jpg 900w\" sizes=\"(max-width: 900px) 100vw, 900px\" \/><\/a>\n\t\t\t<\/dt><\/dl><br style=\"clear: both\" \/><dl class='gallery-item'>\n\t\t\t<dt class='gallery-icon portrait'>\n\t\t\t\t<a data-rel=\"iLightbox[postimages]\" data-title=\"agencia-de-ilustracion-june-illustration-ilustradora-maria-caleis-ilustracion-40\" data-caption=\"\" href='https:\/\/www.june-illustration.com\/wp-content\/uploads\/agencia-de-ilustracion-june-illustration-ilustradora-maria-caleis-ilustracion-40.jpg'><img decoding=\"async\" width=\"600\" height=\"928\" src=\"https:\/\/www.june-illustration.com\/wp-content\/uploads\/agencia-de-ilustracion-june-illustration-ilustradora-maria-caleis-ilustracion-40.jpg\" class=\"attachment-full size-full\" alt=\"\" srcset=\"https:\/\/www.june-illustration.com\/wp-content\/uploads\/agencia-de-ilustracion-june-illustration-ilustradora-maria-caleis-ilustracion-40-194x300.jpg 194w, https:\/\/www.june-illustration.com\/wp-content\/uploads\/agencia-de-ilustracion-june-illustration-ilustradora-maria-caleis-ilustracion-40-200x309.jpg 200w, https:\/\/www.june-illustration.com\/wp-content\/uploads\/agencia-de-ilustracion-june-illustration-ilustradora-maria-caleis-ilustracion-40-400x619.jpg 400w, https:\/\/www.june-illustration.com\/wp-content\/uploads\/agencia-de-ilustracion-june-illustration-ilustradora-maria-caleis-ilustracion-40.jpg 600w\" sizes=\"(max-width: 600px) 100vw, 600px\" \/><\/a>\n\t\t\t<\/dt><\/dl><br style=\"clear: both\" \/><dl class='gallery-item'>\n\t\t\t<dt class='gallery-icon portrait'>\n\t\t\t\t<a data-rel=\"iLightbox[postimages]\" data-title=\"agencia-de-ilustracion-june-illustration-ilustradora-maria-caleis-ilustracion-Queen\" data-caption=\"\" href='https:\/\/www.june-illustration.com\/wp-content\/uploads\/agencia-de-ilustracion-june-illustration-ilustradora-maria-caleis-ilustracion-Queen.jpg'><img decoding=\"async\" width=\"800\" height=\"969\" src=\"https:\/\/www.june-illustration.com\/wp-content\/uploads\/agencia-de-ilustracion-june-illustration-ilustradora-maria-caleis-ilustracion-Queen.jpg\" class=\"attachment-full size-full\" alt=\"\" srcset=\"https:\/\/www.june-illustration.com\/wp-content\/uploads\/agencia-de-ilustracion-june-illustration-ilustradora-maria-caleis-ilustracion-Queen-200x242.jpg 200w, https:\/\/www.june-illustration.com\/wp-content\/uploads\/agencia-de-ilustracion-june-illustration-ilustradora-maria-caleis-ilustracion-Queen-248x300.jpg 248w, https:\/\/www.june-illustration.com\/wp-content\/uploads\/agencia-de-ilustracion-june-illustration-ilustradora-maria-caleis-ilustracion-Queen-400x485.jpg 400w, https:\/\/www.june-illustration.com\/wp-content\/uploads\/agencia-de-ilustracion-june-illustration-ilustradora-maria-caleis-ilustracion-Queen-600x727.jpg 600w, https:\/\/www.june-illustration.com\/wp-content\/uploads\/agencia-de-ilustracion-june-illustration-ilustradora-maria-caleis-ilustracion-Queen-768x930.jpg 768w, https:\/\/www.june-illustration.com\/wp-content\/uploads\/agencia-de-ilustracion-june-illustration-ilustradora-maria-caleis-ilustracion-Queen.jpg 800w\" sizes=\"(max-width: 800px) 100vw, 800px\" \/><\/a>\n\t\t\t<\/dt><\/dl><br style=\"clear: both\" \/>\n\t\t<\/div>\n\n<div class=\"boton-info\">\n<\/div><div class=\"fusion-button-wrapper fusion-aligncenter\"><a class=\"fusion-button button-flat button-xlarge button-custom fusion-button-default button-1 fusion-button-default-span \" style=\"--button_accent_color:#9b7c4f;--button_border_color:#9b7c4f;--button_accent_hover_color:#9b7c4f;--button_border_hover_color:#9b7c4f;--button_border_width-top:5px;--button_border_width-right:5px;--button_border_width-bottom:5px;--button_border_width-left:5px;--button_gradient_top_color:#9b7c4f;--button_gradient_bottom_color:#9b7c4f;--button_gradient_top_color_hover:#fff;--button_gradient_bottom_color_hover:#fff;\" target=\"_blank\" rel=\"noopener noreferrer\" href=\"#\" data-toggle=\"modal\" data-target=\".fusion-modal.pedir-info\"><span class=\"fusion-button-text awb-button__text awb-button__text--default\">Solicitar informaci\u00f3n \/ Request information<\/span><\/a><\/div><div class=\"fusion-sep-clear\"><\/div><div class=\"fusion-separator fusion-full-width-sep\" style=\"margin-left: auto;margin-right: auto;margin-top:55px;margin-bottom:0px;width:100%;\"><div class=\"fusion-separator-border sep-single\" style=\"--awb-height:20px;--awb-amount:20px;border-color:#ffffff;border-top-width:0px;\"><\/div><\/div><div class=\"fusion-sep-clear\"><\/div><div class=\"fusion-modal modal fade modal-1 pedir-info\" tabindex=\"-1\" role=\"dialog\" aria-labelledby=\"modal-heading-1\" aria-hidden=\"true\" style=\"--awb-border-color:#fff;--awb-background:#f3f3f3;\"><div class=\"modal-dialog modal-lg\" role=\"document\"><div class=\"modal-content fusion-modal-content\"><div class=\"modal-header\"><button class=\"close\" type=\"button\" data-dismiss=\"modal\" aria-hidden=\"true\" aria-label=\"Close\">&times;<\/button><h3 class=\"modal-title\" id=\"modal-heading-1\" data-dismiss=\"modal\" aria-hidden=\"true\">Solicitar informaci\u00f3n de la ilustradora Mar\u00eda Casais Caleis<br \/>\nRequest information about Mar\u00eda Casais Caleis<br \/>\nillustrator<\/h3><\/div><div class=\"modal-body fusion-clearfix\">\n\n<div class=\"wpcf7 no-js\" id=\"wpcf7-f8194-o1\" lang=\"es-ES\" dir=\"ltr\" data-wpcf7-id=\"8194\">\n<div class=\"screen-reader-response\"><p role=\"status\" aria-live=\"polite\" aria-atomic=\"true\"><\/p> <ul><\/ul><\/div>\n<form action=\"\/en\/wp-json\/wp\/v2\/posts\/16172#wpcf7-f8194-o1\" method=\"post\" class=\"wpcf7-form init\" aria-label=\"Formulario de contacto\" novalidate=\"novalidate\" data-status=\"init\">\n<fieldset class=\"hidden-fields-container\"><input type=\"hidden\" name=\"_wpcf7\" value=\"8194\" \/><input type=\"hidden\" name=\"_wpcf7_version\" value=\"6.1.5\" \/><input type=\"hidden\" name=\"_wpcf7_locale\" value=\"es_ES\" \/><input type=\"hidden\" name=\"_wpcf7_unit_tag\" value=\"wpcf7-f8194-o1\" \/><input type=\"hidden\" name=\"_wpcf7_container_post\" value=\"0\" \/><input type=\"hidden\" name=\"_wpcf7_posted_data_hash\" value=\"\" \/><input type=\"hidden\" name=\"_wpcf7_recaptcha_response\" value=\"\" \/>\n<\/fieldset>\n<div style=\"width: 40%; margin: 0 5%; float: left; margin-bottom: 25px;\">\n\t<p>(*) Nombre \/ Name\n\t<\/p>\n\t<p><span class=\"wpcf7-form-control-wrap\" data-name=\"your-name\"><input size=\"40\" maxlength=\"400\" class=\"wpcf7-form-control wpcf7-text wpcf7-validates-as-required\" aria-required=\"true\" aria-invalid=\"false\" value=\"\" type=\"text\" name=\"your-name\" \/><\/span>\n\t<\/p>\n\t<p>(*) Tel\u00e9fono \/ Telephone\n\t<\/p>\n\t<p><span class=\"wpcf7-form-control-wrap\" data-name=\"tel-480\"><input size=\"40\" maxlength=\"400\" class=\"wpcf7-form-control wpcf7-tel wpcf7-validates-as-required wpcf7-text wpcf7-validates-as-tel\" aria-required=\"true\" aria-invalid=\"false\" value=\"\" type=\"tel\" name=\"tel-480\" \/><\/span>\n\t<\/p>\n\t<p>(*) Email\n\t<\/p>\n\t<p><span class=\"wpcf7-form-control-wrap\" data-name=\"email-578\"><input size=\"40\" maxlength=\"400\" class=\"wpcf7-form-control wpcf7-email wpcf7-validates-as-required wpcf7-text wpcf7-validates-as-email\" aria-required=\"true\" aria-invalid=\"false\" value=\"\" type=\"email\" name=\"email-578\" \/><\/span>\n\t<\/p>\n<\/div>\n<div style=\"width: 40%; margin: 0 5%; float: left; margin-bottom: 25px;\">\n\t<p>(*) Peque\u00f1a descripci\u00f3n del proyecto a desarrollar Brief description of the project to develop\n\t<\/p>\n\t<p><span class=\"wpcf7-form-control-wrap\" data-name=\"textarea-862\"><textarea cols=\"40\" rows=\"10\" maxlength=\"2000\" class=\"wpcf7-form-control wpcf7-textarea\" aria-invalid=\"false\" name=\"textarea-862\"><\/textarea><\/span><br \/>\n<span class=\"asterisco\">(*) Todos los campos son obligatorios \/ All fields are mandatory<\/span>\n\t<\/p>\n<\/div>\n<p><input class=\"wpcf7-form-control wpcf7-submit has-spinner\" type=\"submit\" value=\"Enviar\" \/>\n<\/p><p style=\"display: none !important;\" class=\"akismet-fields-container\" data-prefix=\"_wpcf7_ak_\"><label>&#916;<textarea name=\"_wpcf7_ak_hp_textarea\" cols=\"45\" rows=\"8\" maxlength=\"100\"><\/textarea><\/label><input type=\"hidden\" id=\"ak_js_1\" name=\"_wpcf7_ak_js\" value=\"213\"\/><script>document.getElementById( \"ak_js_1\" ).setAttribute( \"value\", ( new Date() ).getTime() );<\/script><\/p><div class=\"fusion-alert alert custom alert-custom fusion-alert-center wpcf7-response-output fusion-alert-capitalize awb-alert-native-link-color alert-dismissable awb-alert-close-boxed\" style=\"--awb-border-size:1px;--awb-border-top-left-radius:0px;--awb-border-top-right-radius:0px;--awb-border-bottom-left-radius:0px;--awb-border-bottom-right-radius:0px;\" role=\"alert\"><div class=\"fusion-alert-content-wrapper\"><span class=\"fusion-alert-content\"><\/span><\/div><button type=\"button\" class=\"close toggle-alert\" data-dismiss=\"alert\" aria-label=\"Close\">&times;<\/button><\/div>\n<\/form>\n<\/div>\n<\/div><\/div><\/div><\/div><div class=\"fusion-text fusion-text-2\"><p style=\"text-align: center;\"><span id=\"subtituloEntrada\">Ilustradora Mar\u00eda Casais Caleis clasificada en los estilos \/ Ilustrator Mar\u00eda Casais Caleis classified in styles:<br \/>\n<em><a href=\"http:\/\/www.june-illustration.com\/agencia-de-ilustracion-estilo-artistico-art\/\"> Artistico \/ Art<\/a>,<a href=\"http:\/\/www.june-illustration.com\/agencia-de-ilustracion-estilo-belleza-beauty\/\"> Belleza \/ Beauty<\/a>,<a href=\"http:\/\/www.june-illustration.com\/agencia-de-ilustracion-estilo-collage\/\"> collage<\/a>,<a href=\"http:\/\/www.june-illustration.com\/agencia-de-ilustracion-estilo-diseno-grafico-graphic-design\/\"> Dise\u00f1o Grafico \/ Graphic Design<\/a>,<a href=\"http:\/\/www.june-illustration.com\/agencia-de-ilustracion-estilo-editorial\/\"> Editorial<\/a>,<a href=\"http:\/\/www.june-illustration.com\/agencia-de-ilustracion-estilo-moda-fashion\/\"> Moda \/ Fashion<\/a>,<a href=\"http:\/\/www.june-illustration.com\/agencia-de-ilustracion-estilo-publicitario-advertising\/\"> Publicitario \/ Advertising<\/a><br \/>\n<\/em><\/span><\/p>\n<\/div><div class=\"separar-paginacion-abajo\"><\/div><div class=\"fusion-clearfix\"><\/div><\/div><\/div><\/div><\/div><div class=\"fusion-fullwidth fullwidth-box fusion-builder-row-2 nonhundred-percent-fullwidth non-hundred-percent-height-scrolling\" style=\"--awb-border-radius-top-left:0px;--awb-border-radius-top-right:0px;--awb-border-radius-bottom-right:0px;--awb-border-radius-bottom-left:0px;--awb-flex-wrap:wrap;\" ><div class=\"fusion-builder-row fusion-row\"><div class=\"fusion-layout-column fusion_builder_column fusion-builder-column-2 fusion_builder_column_1_1 1_1 fusion-one-full fusion-column-first fusion-column-last\" style=\"--awb-bg-size:cover;--awb-margin-bottom:0px;\"><div class=\"fusion-column-wrapper fusion-flex-column-wrapper-legacy\"><div class=\"fusion-text fusion-text-3\"><\/div>\n<\/div><div class=\"fusion-clearfix\"><\/div><\/div><\/div><\/div><\/div><\/p>\n","protected":false},"excerpt":{"rendered":"","protected":false},"author":1,"featured_media":16174,"comment_status":"open","ping_status":"open","sticky":false,"template":"","format":"standard","meta":{"footnotes":""},"categories":[224,238,225,231,207,208,210,256,222],"tags":[],"class_list":["post-16172","post","type-post","status-publish","format-standard","has-post-thumbnail","hentry","category-artistico-art-en","category-belleza-beauty-en","category-collage-en","category-diseno-grafico-graphic-design-en","category-editorial-en","category-ilustradores-a-z-en","category-ilustradores-z-a-en","category-moda-fashion-en","category-publicitario-advertising-en"],"aioseo_notices":[],"_links":{"self":[{"href":"https:\/\/www.june-illustration.com\/en\/wp-json\/wp\/v2\/posts\/16172","targetHints":{"allow":["GET"]}}],"collection":[{"href":"https:\/\/www.june-illustration.com\/en\/wp-json\/wp\/v2\/posts"}],"about":[{"href":"https:\/\/www.june-illustration.com\/en\/wp-json\/wp\/v2\/types\/post"}],"author":[{"embeddable":true,"href":"https:\/\/www.june-illustration.com\/en\/wp-json\/wp\/v2\/users\/1"}],"replies":[{"embeddable":true,"href":"https:\/\/www.june-illustration.com\/en\/wp-json\/wp\/v2\/comments?post=16172"}],"version-history":[{"count":0,"href":"https:\/\/www.june-illustration.com\/en\/wp-json\/wp\/v2\/posts\/16172\/revisions"}],"wp:featuredmedia":[{"embeddable":true,"href":"https:\/\/www.june-illustration.com\/en\/wp-json\/wp\/v2\/media\/16174"}],"wp:attachment":[{"href":"https:\/\/www.june-illustration.com\/en\/wp-json\/wp\/v2\/media?parent=16172"}],"wp:term":[{"taxonomy":"category","embeddable":true,"href":"https:\/\/www.june-illustration.com\/en\/wp-json\/wp\/v2\/categories?post=16172"},{"taxonomy":"post_tag","embeddable":true,"href":"https:\/\/www.june-illustration.com\/en\/wp-json\/wp\/v2\/tags?post=16172"}],"curies":[{"name":"wp","href":"https:\/\/api.w.org\/{rel}","templated":true}]}}