{"id":22843,"date":"2022-02-17T19:33:28","date_gmt":"2022-02-17T18:33:28","guid":{"rendered":"https:\/\/www.june-illustration.com\/?p=22843"},"modified":"2024-07-04T19:15:47","modified_gmt":"2024-07-04T17:15:47","slug":"children-illustrator-anabel-herrero","status":"publish","type":"post","link":"https:\/\/www.june-illustration.com\/en\/children-illustrator-anabel-herrero\/","title":{"rendered":"Anabel Herrero"},"content":{"rendered":"<div class=\"fusion-fullwidth fullwidth-box fusion-builder-row-1 hundred-percent-fullwidth non-hundred-percent-height-scrolling\" style=\"--awb-border-radius-top-left:0px;--awb-border-radius-top-right:0px;--awb-border-radius-bottom-right:0px;--awb-border-radius-bottom-left:0px;--awb-overflow:visible;--awb-flex-wrap:wrap;\" ><div class=\"fusion-builder-row fusion-row\"><div class=\"fusion-layout-column fusion_builder_column fusion-builder-column-0 fusion_builder_column_1_1 1_1 fusion-one-full fusion-column-first fusion-column-last fusion-column-no-min-height\" style=\"--awb-bg-size:cover;--awb-margin-bottom:0px;\"><div class=\"fusion-column-wrapper fusion-flex-column-wrapper-legacy\"><div class=\"accordian fusion-accordian\" style=\"--awb-border-size:1px;--awb-icon-size:13px;--awb-content-font-size:15px;--awb-icon-alignment:left;--awb-hover-color:#f9f9f9;--awb-border-color:#cccccc;--awb-background-color:#ffffff;--awb-divider-color:#ffffff;--awb-divider-hover-color:#ffffff;--awb-icon-color:#ffffff;--awb-title-color:#333333;--awb-content-color:#747474;--awb-icon-box-color:#333333;--awb-toggle-hover-accent-color:#9b7c4f;--awb-title-font-family:&quot;Open Sans&quot;;--awb-title-font-weight:regular;--awb-title-font-style:normal;--awb-title-font-size:20px;--awb-content-font-family:&quot;Open Sans&quot;;--awb-content-font-style:normal;--awb-content-font-weight:regular;\"><div class=\"panel-group fusion-toggle-icon-boxed\" id=\"accordion-22843-1\"><div class=\"fusion-panel panel-default panel-88c30a25554398447 fusion-toggle-has-divider\"><div class=\"panel-heading\"><h4 class=\"panel-title toggle\" id=\"toggle_88c30a25554398447\"><a aria-expanded=\"false\" aria-controls=\"88c30a25554398447\" role=\"button\" data-toggle=\"collapse\" data-parent=\"#accordion-22843-1\" data-target=\"#88c30a25554398447\" href=\"#88c30a25554398447\"><span class=\"fusion-toggle-icon-wrapper\" aria-hidden=\"true\"><i class=\"fa-fusion-box active-icon awb-icon-minus\" aria-hidden=\"true\"><\/i><i class=\"fa-fusion-box inactive-icon awb-icon-plus\" aria-hidden=\"true\"><\/i><\/span><span class=\"fusion-toggle-heading\">Biograf\u00eda de \/ Biography of Anabel Herrero<\/span><\/a><\/h4><\/div><div id=\"88c30a25554398447\" class=\"panel-collapse collapse \" aria-labelledby=\"toggle_88c30a25554398447\"><div class=\"panel-body toggle-content fusion-clearfix\">\n<p>Hola, me llamo Anabel Herrero y soy ilustradora freelance orientada a la ilustraci\u00f3n infantil y juvenil, algo que me apasiona y a lo que le dedico mucha pasi\u00f3n y cari\u00f1o. Desde que termin\u00e9 mis estudios en la Facultad de Bellas Artes de Valencia compagin\u00e9 trabajos de diferente \u00edndole con proyectos y encargos relacionados con la pintura y la ilustraci\u00f3n hasta que en 2017 decid\u00ed dedicar todo mi esfuerzo al desarrollo de mi proyecto personal centrado en la ilustraci\u00f3n editorial.<br \/>\nActualmente he trabajado ilustrando para la editorial Babidi-b\u00fa \u201cLa aldea Ser\u201d escrito por Xelo San F\u00e9lix, \u201cSoy Especial\u201d y \u201c\u00bfQui\u00e9n no lo es?\u201d ambos escritos por Carmen Gloria Palma. Tambi\u00e9n he colaborado ilustrando el libro juvenil \u201cEl enigma del Grafitero misterioso\u201d escrito por Israel Campos y publicado por la Editorial Algar. Mis ilustraciones est\u00e1n trabajadas con herramientas digitales lo que combino con materiales y t\u00e9cnicas tradicionales que me permiten dotar a las im\u00e1genes de la calidez y sensibilidad que me gusta transmitir en ellas.<\/p>\n<hr \/>\n<p>Hello, my name is Anabel Herrero and I am a freelance illustrator focused on children and youth illustration, something that I love and to which I dedicate a lot of passion and affection.<br \/>\nSince I finished my studies at the Faculty of Fine Arts in Valencia I have combined different kinds of work with projects and commissions related to painting and illustration until 2017 when I decided to devote all my efforts to the development of my personal project focused on editorial illustration.<br \/>\nCurrently I have worked illustrating for the publishing house Babidi-b\u00fa &#8220;La aldea Ser&#8221; written by Xelo San F\u00e9lix, &#8220;Soy Especial&#8221; and &#8220;\u00bfQui\u00e9n no lo es?&#8221; both written by Carmen Gloria Palma. I have also collaborated in illustrating the juvenile book &#8220;El enigma del Grafitero misterioso&#8221; written by Israel Campos and published by Algar Editorial.<br \/>\nMy illustrations are worked with digital tools which I combine with traditional materials and techniques that allow me to give the images the warmth and sensitivity that I like to transmit in them.<\/p>\n<\/div><\/div><\/div><\/div><\/div><div class=\"fusion-clearfix\"><\/div><\/div><\/div><div class=\"fusion-layout-column fusion_builder_column fusion-builder-column-1 fusion_builder_column_1_1 1_1 fusion-one-full fusion-column-first fusion-column-last fusion-column-no-min-height\" style=\"--awb-bg-size:cover;--awb-margin-bottom:0px;\"><div class=\"fusion-column-wrapper fusion-flex-column-wrapper-legacy\"><div class=\"fusion-text fusion-text-1\">\n\t\t<style type=\"text\/css\">\n\t\t\t#gallery-1 {\n\t\t\t\tmargin: auto;\n\t\t\t}\n\t\t\t#gallery-1 .gallery-item {\n\t\t\t\tfloat: left;\n\t\t\t\tmargin-top: 10px;\n\t\t\t\ttext-align: center;\n\t\t\t\twidth: 100%;\n\t\t\t}\n\t\t\t#gallery-1 img {\n\t\t\t\tborder: 2px solid #cfcfcf;\n\t\t\t}\n\t\t\t#gallery-1 .gallery-caption {\n\t\t\t\tmargin-left: 0;\n\t\t\t}\n\t\t\t\/* see gallery_shortcode() in wp-includes\/media.php *\/\n\t\t<\/style>\n\t\t<div id='gallery-1' class='gallery galleryid-22843 gallery-columns-1 gallery-size-full'><dl class='gallery-item'>\n\t\t\t<dt class='gallery-icon portrait'>\n\t\t\t\t<a data-rel=\"iLightbox[postimages]\" data-title=\"agencia-de-ilustracion-june-illustration-ilustradora-infantil-Anabel-Herrero-1\" data-caption=\"\" href='https:\/\/www.june-illustration.com\/wp-content\/uploads\/agencia-de-ilustracion-june-illustration-ilustradora-infantil-Anabel-Herrero-1.jpg'><img decoding=\"async\" width=\"600\" height=\"951\" src=\"https:\/\/www.june-illustration.com\/wp-content\/uploads\/agencia-de-ilustracion-june-illustration-ilustradora-infantil-Anabel-Herrero-1.jpg\" class=\"attachment-full size-full\" alt=\"\" srcset=\"https:\/\/www.june-illustration.com\/wp-content\/uploads\/agencia-de-ilustracion-june-illustration-ilustradora-infantil-Anabel-Herrero-1-189x300.jpg 189w, https:\/\/www.june-illustration.com\/wp-content\/uploads\/agencia-de-ilustracion-june-illustration-ilustradora-infantil-Anabel-Herrero-1-200x317.jpg 200w, https:\/\/www.june-illustration.com\/wp-content\/uploads\/agencia-de-ilustracion-june-illustration-ilustradora-infantil-Anabel-Herrero-1-400x634.jpg 400w, https:\/\/www.june-illustration.com\/wp-content\/uploads\/agencia-de-ilustracion-june-illustration-ilustradora-infantil-Anabel-Herrero-1.jpg 600w\" sizes=\"(max-width: 600px) 100vw, 600px\" \/><\/a>\n\t\t\t<\/dt><\/dl><br style=\"clear: both\" \/><dl class='gallery-item'>\n\t\t\t<dt class='gallery-icon portrait'>\n\t\t\t\t<a data-rel=\"iLightbox[postimages]\" data-title=\"agencia-de-ilustracion-june-illustration-ilustradora-infantil-Anabel-Herrero-2\" data-caption=\"\" href='https:\/\/www.june-illustration.com\/wp-content\/uploads\/agencia-de-ilustracion-june-illustration-ilustradora-infantil-Anabel-Herrero-2.jpg'><img decoding=\"async\" width=\"600\" height=\"844\" src=\"https:\/\/www.june-illustration.com\/wp-content\/uploads\/agencia-de-ilustracion-june-illustration-ilustradora-infantil-Anabel-Herrero-2.jpg\" class=\"attachment-full size-full\" alt=\"\" srcset=\"https:\/\/www.june-illustration.com\/wp-content\/uploads\/agencia-de-ilustracion-june-illustration-ilustradora-infantil-Anabel-Herrero-2-200x281.jpg 200w, https:\/\/www.june-illustration.com\/wp-content\/uploads\/agencia-de-ilustracion-june-illustration-ilustradora-infantil-Anabel-Herrero-2-213x300.jpg 213w, https:\/\/www.june-illustration.com\/wp-content\/uploads\/agencia-de-ilustracion-june-illustration-ilustradora-infantil-Anabel-Herrero-2-400x563.jpg 400w, https:\/\/www.june-illustration.com\/wp-content\/uploads\/agencia-de-ilustracion-june-illustration-ilustradora-infantil-Anabel-Herrero-2.jpg 600w\" sizes=\"(max-width: 600px) 100vw, 600px\" \/><\/a>\n\t\t\t<\/dt><\/dl><br style=\"clear: both\" \/><dl class='gallery-item'>\n\t\t\t<dt class='gallery-icon landscape'>\n\t\t\t\t<a data-rel=\"iLightbox[postimages]\" data-title=\"agencia-de-ilustracion-june-illustration-ilustradora-infantil-Anabel-Herrero-3\" data-caption=\"\" href='https:\/\/www.june-illustration.com\/wp-content\/uploads\/agencia-de-ilustracion-june-illustration-ilustradora-infantil-Anabel-Herrero-3.jpg'><img decoding=\"async\" width=\"900\" height=\"639\" src=\"https:\/\/www.june-illustration.com\/wp-content\/uploads\/agencia-de-ilustracion-june-illustration-ilustradora-infantil-Anabel-Herrero-3.jpg\" class=\"attachment-full size-full\" alt=\"\" srcset=\"https:\/\/www.june-illustration.com\/wp-content\/uploads\/agencia-de-ilustracion-june-illustration-ilustradora-infantil-Anabel-Herrero-3-200x142.jpg 200w, https:\/\/www.june-illustration.com\/wp-content\/uploads\/agencia-de-ilustracion-june-illustration-ilustradora-infantil-Anabel-Herrero-3-300x214.jpg 300w, https:\/\/www.june-illustration.com\/wp-content\/uploads\/agencia-de-ilustracion-june-illustration-ilustradora-infantil-Anabel-Herrero-3-400x284.jpg 400w, https:\/\/www.june-illustration.com\/wp-content\/uploads\/agencia-de-ilustracion-june-illustration-ilustradora-infantil-Anabel-Herrero-3-600x426.jpg 600w, https:\/\/www.june-illustration.com\/wp-content\/uploads\/agencia-de-ilustracion-june-illustration-ilustradora-infantil-Anabel-Herrero-3-768x545.jpg 768w, https:\/\/www.june-illustration.com\/wp-content\/uploads\/agencia-de-ilustracion-june-illustration-ilustradora-infantil-Anabel-Herrero-3-800x568.jpg 800w, https:\/\/www.june-illustration.com\/wp-content\/uploads\/agencia-de-ilustracion-june-illustration-ilustradora-infantil-Anabel-Herrero-3.jpg 900w\" sizes=\"(max-width: 900px) 100vw, 900px\" \/><\/a>\n\t\t\t<\/dt><\/dl><br style=\"clear: both\" \/><dl class='gallery-item'>\n\t\t\t<dt class='gallery-icon landscape'>\n\t\t\t\t<a data-rel=\"iLightbox[postimages]\" data-title=\"agencia-de-ilustracion-june-illustration-ilustradora-infantil-Anabel-Herrero-4\" data-caption=\"\" href='https:\/\/www.june-illustration.com\/wp-content\/uploads\/agencia-de-ilustracion-june-illustration-ilustradora-infantil-Anabel-Herrero-4.jpg'><img decoding=\"async\" width=\"900\" height=\"639\" src=\"https:\/\/www.june-illustration.com\/wp-content\/uploads\/agencia-de-ilustracion-june-illustration-ilustradora-infantil-Anabel-Herrero-4.jpg\" class=\"attachment-full size-full\" alt=\"\" srcset=\"https:\/\/www.june-illustration.com\/wp-content\/uploads\/agencia-de-ilustracion-june-illustration-ilustradora-infantil-Anabel-Herrero-4-200x142.jpg 200w, https:\/\/www.june-illustration.com\/wp-content\/uploads\/agencia-de-ilustracion-june-illustration-ilustradora-infantil-Anabel-Herrero-4-300x214.jpg 300w, https:\/\/www.june-illustration.com\/wp-content\/uploads\/agencia-de-ilustracion-june-illustration-ilustradora-infantil-Anabel-Herrero-4-400x284.jpg 400w, https:\/\/www.june-illustration.com\/wp-content\/uploads\/agencia-de-ilustracion-june-illustration-ilustradora-infantil-Anabel-Herrero-4-600x426.jpg 600w, https:\/\/www.june-illustration.com\/wp-content\/uploads\/agencia-de-ilustracion-june-illustration-ilustradora-infantil-Anabel-Herrero-4-768x545.jpg 768w, https:\/\/www.june-illustration.com\/wp-content\/uploads\/agencia-de-ilustracion-june-illustration-ilustradora-infantil-Anabel-Herrero-4-800x568.jpg 800w, https:\/\/www.june-illustration.com\/wp-content\/uploads\/agencia-de-ilustracion-june-illustration-ilustradora-infantil-Anabel-Herrero-4.jpg 900w\" sizes=\"(max-width: 900px) 100vw, 900px\" \/><\/a>\n\t\t\t<\/dt><\/dl><br style=\"clear: both\" \/><dl class='gallery-item'>\n\t\t\t<dt class='gallery-icon landscape'>\n\t\t\t\t<a data-rel=\"iLightbox[postimages]\" data-title=\"agencia-de-ilustracion-june-illustration-ilustradora-infantil-Anabel-Herrero-5\" data-caption=\"\" href='https:\/\/www.june-illustration.com\/wp-content\/uploads\/agencia-de-ilustracion-june-illustration-ilustradora-infantil-Anabel-Herrero-5.jpg'><img decoding=\"async\" width=\"900\" height=\"639\" src=\"https:\/\/www.june-illustration.com\/wp-content\/uploads\/agencia-de-ilustracion-june-illustration-ilustradora-infantil-Anabel-Herrero-5.jpg\" class=\"attachment-full size-full\" alt=\"\" srcset=\"https:\/\/www.june-illustration.com\/wp-content\/uploads\/agencia-de-ilustracion-june-illustration-ilustradora-infantil-Anabel-Herrero-5-200x142.jpg 200w, https:\/\/www.june-illustration.com\/wp-content\/uploads\/agencia-de-ilustracion-june-illustration-ilustradora-infantil-Anabel-Herrero-5-300x214.jpg 300w, https:\/\/www.june-illustration.com\/wp-content\/uploads\/agencia-de-ilustracion-june-illustration-ilustradora-infantil-Anabel-Herrero-5-400x284.jpg 400w, https:\/\/www.june-illustration.com\/wp-content\/uploads\/agencia-de-ilustracion-june-illustration-ilustradora-infantil-Anabel-Herrero-5-600x426.jpg 600w, https:\/\/www.june-illustration.com\/wp-content\/uploads\/agencia-de-ilustracion-june-illustration-ilustradora-infantil-Anabel-Herrero-5-768x545.jpg 768w, https:\/\/www.june-illustration.com\/wp-content\/uploads\/agencia-de-ilustracion-june-illustration-ilustradora-infantil-Anabel-Herrero-5-800x568.jpg 800w, https:\/\/www.june-illustration.com\/wp-content\/uploads\/agencia-de-ilustracion-june-illustration-ilustradora-infantil-Anabel-Herrero-5.jpg 900w\" sizes=\"(max-width: 900px) 100vw, 900px\" \/><\/a>\n\t\t\t<\/dt><\/dl><br style=\"clear: both\" \/><dl class='gallery-item'>\n\t\t\t<dt class='gallery-icon landscape'>\n\t\t\t\t<a data-rel=\"iLightbox[postimages]\" data-title=\"agencia-de-ilustracion-june-illustration-ilustradora-infantil-Anabel-Herrero-6\" data-caption=\"\" href='https:\/\/www.june-illustration.com\/wp-content\/uploads\/agencia-de-ilustracion-june-illustration-ilustradora-infantil-Anabel-Herrero-6.jpg'><img decoding=\"async\" width=\"1000\" height=\"362\" src=\"https:\/\/www.june-illustration.com\/wp-content\/uploads\/agencia-de-ilustracion-june-illustration-ilustradora-infantil-Anabel-Herrero-6.jpg\" class=\"attachment-full size-full\" alt=\"\" srcset=\"https:\/\/www.june-illustration.com\/wp-content\/uploads\/agencia-de-ilustracion-june-illustration-ilustradora-infantil-Anabel-Herrero-6-200x72.jpg 200w, https:\/\/www.june-illustration.com\/wp-content\/uploads\/agencia-de-ilustracion-june-illustration-ilustradora-infantil-Anabel-Herrero-6-300x109.jpg 300w, https:\/\/www.june-illustration.com\/wp-content\/uploads\/agencia-de-ilustracion-june-illustration-ilustradora-infantil-Anabel-Herrero-6-400x145.jpg 400w, https:\/\/www.june-illustration.com\/wp-content\/uploads\/agencia-de-ilustracion-june-illustration-ilustradora-infantil-Anabel-Herrero-6-600x217.jpg 600w, https:\/\/www.june-illustration.com\/wp-content\/uploads\/agencia-de-ilustracion-june-illustration-ilustradora-infantil-Anabel-Herrero-6-768x278.jpg 768w, https:\/\/www.june-illustration.com\/wp-content\/uploads\/agencia-de-ilustracion-june-illustration-ilustradora-infantil-Anabel-Herrero-6-800x290.jpg 800w, https:\/\/www.june-illustration.com\/wp-content\/uploads\/agencia-de-ilustracion-june-illustration-ilustradora-infantil-Anabel-Herrero-6.jpg 1000w\" sizes=\"(max-width: 1000px) 100vw, 1000px\" \/><\/a>\n\t\t\t<\/dt><\/dl><br style=\"clear: both\" \/><dl class='gallery-item'>\n\t\t\t<dt class='gallery-icon landscape'>\n\t\t\t\t<a data-rel=\"iLightbox[postimages]\" data-title=\"agencia-de-ilustracion-june-illustration-ilustradora-infantil-Anabel-Herrero-7\" data-caption=\"\" href='https:\/\/www.june-illustration.com\/wp-content\/uploads\/agencia-de-ilustracion-june-illustration-ilustradora-infantil-Anabel-Herrero-7.jpg'><img decoding=\"async\" width=\"1000\" height=\"362\" src=\"https:\/\/www.june-illustration.com\/wp-content\/uploads\/agencia-de-ilustracion-june-illustration-ilustradora-infantil-Anabel-Herrero-7.jpg\" class=\"attachment-full size-full\" alt=\"\" srcset=\"https:\/\/www.june-illustration.com\/wp-content\/uploads\/agencia-de-ilustracion-june-illustration-ilustradora-infantil-Anabel-Herrero-7-200x72.jpg 200w, https:\/\/www.june-illustration.com\/wp-content\/uploads\/agencia-de-ilustracion-june-illustration-ilustradora-infantil-Anabel-Herrero-7-300x109.jpg 300w, https:\/\/www.june-illustration.com\/wp-content\/uploads\/agencia-de-ilustracion-june-illustration-ilustradora-infantil-Anabel-Herrero-7-400x145.jpg 400w, https:\/\/www.june-illustration.com\/wp-content\/uploads\/agencia-de-ilustracion-june-illustration-ilustradora-infantil-Anabel-Herrero-7-600x217.jpg 600w, https:\/\/www.june-illustration.com\/wp-content\/uploads\/agencia-de-ilustracion-june-illustration-ilustradora-infantil-Anabel-Herrero-7-768x278.jpg 768w, https:\/\/www.june-illustration.com\/wp-content\/uploads\/agencia-de-ilustracion-june-illustration-ilustradora-infantil-Anabel-Herrero-7-800x290.jpg 800w, https:\/\/www.june-illustration.com\/wp-content\/uploads\/agencia-de-ilustracion-june-illustration-ilustradora-infantil-Anabel-Herrero-7.jpg 1000w\" sizes=\"(max-width: 1000px) 100vw, 1000px\" \/><\/a>\n\t\t\t<\/dt><\/dl><br style=\"clear: both\" \/><dl class='gallery-item'>\n\t\t\t<dt class='gallery-icon landscape'>\n\t\t\t\t<a data-rel=\"iLightbox[postimages]\" data-title=\"agencia-de-ilustracion-june-illustration-ilustradora-infantil-Anabel-Herrero-8\" data-caption=\"\" href='https:\/\/www.june-illustration.com\/wp-content\/uploads\/agencia-de-ilustracion-june-illustration-ilustradora-infantil-Anabel-Herrero-8.jpg'><img decoding=\"async\" width=\"1000\" height=\"362\" src=\"https:\/\/www.june-illustration.com\/wp-content\/uploads\/agencia-de-ilustracion-june-illustration-ilustradora-infantil-Anabel-Herrero-8.jpg\" class=\"attachment-full size-full\" alt=\"\" srcset=\"https:\/\/www.june-illustration.com\/wp-content\/uploads\/agencia-de-ilustracion-june-illustration-ilustradora-infantil-Anabel-Herrero-8-200x72.jpg 200w, https:\/\/www.june-illustration.com\/wp-content\/uploads\/agencia-de-ilustracion-june-illustration-ilustradora-infantil-Anabel-Herrero-8-300x109.jpg 300w, https:\/\/www.june-illustration.com\/wp-content\/uploads\/agencia-de-ilustracion-june-illustration-ilustradora-infantil-Anabel-Herrero-8-400x145.jpg 400w, https:\/\/www.june-illustration.com\/wp-content\/uploads\/agencia-de-ilustracion-june-illustration-ilustradora-infantil-Anabel-Herrero-8-600x217.jpg 600w, https:\/\/www.june-illustration.com\/wp-content\/uploads\/agencia-de-ilustracion-june-illustration-ilustradora-infantil-Anabel-Herrero-8-768x278.jpg 768w, https:\/\/www.june-illustration.com\/wp-content\/uploads\/agencia-de-ilustracion-june-illustration-ilustradora-infantil-Anabel-Herrero-8-800x290.jpg 800w, https:\/\/www.june-illustration.com\/wp-content\/uploads\/agencia-de-ilustracion-june-illustration-ilustradora-infantil-Anabel-Herrero-8.jpg 1000w\" sizes=\"(max-width: 1000px) 100vw, 1000px\" \/><\/a>\n\t\t\t<\/dt><\/dl><br style=\"clear: both\" \/><dl class='gallery-item'>\n\t\t\t<dt class='gallery-icon landscape'>\n\t\t\t\t<a data-rel=\"iLightbox[postimages]\" data-title=\"agencia-de-ilustracion-june-illustration-ilustradora-infantil-Anabel-Herrero-9\" data-caption=\"\" href='https:\/\/www.june-illustration.com\/wp-content\/uploads\/agencia-de-ilustracion-june-illustration-ilustradora-infantil-Anabel-Herrero-9.jpg'><img decoding=\"async\" width=\"1000\" height=\"362\" src=\"https:\/\/www.june-illustration.com\/wp-content\/uploads\/agencia-de-ilustracion-june-illustration-ilustradora-infantil-Anabel-Herrero-9.jpg\" class=\"attachment-full size-full\" alt=\"\" srcset=\"https:\/\/www.june-illustration.com\/wp-content\/uploads\/agencia-de-ilustracion-june-illustration-ilustradora-infantil-Anabel-Herrero-9-200x72.jpg 200w, https:\/\/www.june-illustration.com\/wp-content\/uploads\/agencia-de-ilustracion-june-illustration-ilustradora-infantil-Anabel-Herrero-9-300x109.jpg 300w, https:\/\/www.june-illustration.com\/wp-content\/uploads\/agencia-de-ilustracion-june-illustration-ilustradora-infantil-Anabel-Herrero-9-400x145.jpg 400w, https:\/\/www.june-illustration.com\/wp-content\/uploads\/agencia-de-ilustracion-june-illustration-ilustradora-infantil-Anabel-Herrero-9-600x217.jpg 600w, https:\/\/www.june-illustration.com\/wp-content\/uploads\/agencia-de-ilustracion-june-illustration-ilustradora-infantil-Anabel-Herrero-9-768x278.jpg 768w, https:\/\/www.june-illustration.com\/wp-content\/uploads\/agencia-de-ilustracion-june-illustration-ilustradora-infantil-Anabel-Herrero-9-800x290.jpg 800w, https:\/\/www.june-illustration.com\/wp-content\/uploads\/agencia-de-ilustracion-june-illustration-ilustradora-infantil-Anabel-Herrero-9.jpg 1000w\" sizes=\"(max-width: 1000px) 100vw, 1000px\" \/><\/a>\n\t\t\t<\/dt><\/dl><br style=\"clear: both\" \/><dl class='gallery-item'>\n\t\t\t<dt class='gallery-icon landscape'>\n\t\t\t\t<a data-rel=\"iLightbox[postimages]\" data-title=\"agencia-de-ilustracion-june-illustration-ilustradora-infantil-Anabel-Herrero-10\" data-caption=\"\" href='https:\/\/www.june-illustration.com\/wp-content\/uploads\/agencia-de-ilustracion-june-illustration-ilustradora-infantil-Anabel-Herrero-10.jpg'><img decoding=\"async\" width=\"1000\" height=\"362\" src=\"https:\/\/www.june-illustration.com\/wp-content\/uploads\/agencia-de-ilustracion-june-illustration-ilustradora-infantil-Anabel-Herrero-10.jpg\" class=\"attachment-full size-full\" alt=\"\" srcset=\"https:\/\/www.june-illustration.com\/wp-content\/uploads\/agencia-de-ilustracion-june-illustration-ilustradora-infantil-Anabel-Herrero-10-200x72.jpg 200w, https:\/\/www.june-illustration.com\/wp-content\/uploads\/agencia-de-ilustracion-june-illustration-ilustradora-infantil-Anabel-Herrero-10-300x109.jpg 300w, https:\/\/www.june-illustration.com\/wp-content\/uploads\/agencia-de-ilustracion-june-illustration-ilustradora-infantil-Anabel-Herrero-10-400x145.jpg 400w, https:\/\/www.june-illustration.com\/wp-content\/uploads\/agencia-de-ilustracion-june-illustration-ilustradora-infantil-Anabel-Herrero-10-600x217.jpg 600w, https:\/\/www.june-illustration.com\/wp-content\/uploads\/agencia-de-ilustracion-june-illustration-ilustradora-infantil-Anabel-Herrero-10-768x278.jpg 768w, https:\/\/www.june-illustration.com\/wp-content\/uploads\/agencia-de-ilustracion-june-illustration-ilustradora-infantil-Anabel-Herrero-10-800x290.jpg 800w, https:\/\/www.june-illustration.com\/wp-content\/uploads\/agencia-de-ilustracion-june-illustration-ilustradora-infantil-Anabel-Herrero-10.jpg 1000w\" sizes=\"(max-width: 1000px) 100vw, 1000px\" \/><\/a>\n\t\t\t<\/dt><\/dl><br style=\"clear: both\" \/><dl class='gallery-item'>\n\t\t\t<dt class='gallery-icon landscape'>\n\t\t\t\t<a data-rel=\"iLightbox[postimages]\" data-title=\"agencia-de-ilustracion-june-illustration-ilustradora-infantil-Anabel-Herrero-11\" data-caption=\"\" href='https:\/\/www.june-illustration.com\/wp-content\/uploads\/agencia-de-ilustracion-june-illustration-ilustradora-infantil-Anabel-Herrero-11.jpg'><img decoding=\"async\" width=\"1000\" height=\"362\" src=\"https:\/\/www.june-illustration.com\/wp-content\/uploads\/agencia-de-ilustracion-june-illustration-ilustradora-infantil-Anabel-Herrero-11.jpg\" class=\"attachment-full size-full\" alt=\"\" srcset=\"https:\/\/www.june-illustration.com\/wp-content\/uploads\/agencia-de-ilustracion-june-illustration-ilustradora-infantil-Anabel-Herrero-11-200x72.jpg 200w, https:\/\/www.june-illustration.com\/wp-content\/uploads\/agencia-de-ilustracion-june-illustration-ilustradora-infantil-Anabel-Herrero-11-300x109.jpg 300w, https:\/\/www.june-illustration.com\/wp-content\/uploads\/agencia-de-ilustracion-june-illustration-ilustradora-infantil-Anabel-Herrero-11-400x145.jpg 400w, https:\/\/www.june-illustration.com\/wp-content\/uploads\/agencia-de-ilustracion-june-illustration-ilustradora-infantil-Anabel-Herrero-11-600x217.jpg 600w, https:\/\/www.june-illustration.com\/wp-content\/uploads\/agencia-de-ilustracion-june-illustration-ilustradora-infantil-Anabel-Herrero-11-768x278.jpg 768w, https:\/\/www.june-illustration.com\/wp-content\/uploads\/agencia-de-ilustracion-june-illustration-ilustradora-infantil-Anabel-Herrero-11-800x290.jpg 800w, https:\/\/www.june-illustration.com\/wp-content\/uploads\/agencia-de-ilustracion-june-illustration-ilustradora-infantil-Anabel-Herrero-11.jpg 1000w\" sizes=\"(max-width: 1000px) 100vw, 1000px\" \/><\/a>\n\t\t\t<\/dt><\/dl><br style=\"clear: both\" \/><dl class='gallery-item'>\n\t\t\t<dt class='gallery-icon landscape'>\n\t\t\t\t<a data-rel=\"iLightbox[postimages]\" data-title=\"agencia-de-ilustracion-june-illustration-ilustradora-infantil-Anabel-Herrero-12\" data-caption=\"\" href='https:\/\/www.june-illustration.com\/wp-content\/uploads\/agencia-de-ilustracion-june-illustration-ilustradora-infantil-Anabel-Herrero-12.jpg'><img decoding=\"async\" width=\"1000\" height=\"362\" src=\"https:\/\/www.june-illustration.com\/wp-content\/uploads\/agencia-de-ilustracion-june-illustration-ilustradora-infantil-Anabel-Herrero-12.jpg\" class=\"attachment-full size-full\" alt=\"\" srcset=\"https:\/\/www.june-illustration.com\/wp-content\/uploads\/agencia-de-ilustracion-june-illustration-ilustradora-infantil-Anabel-Herrero-12-200x72.jpg 200w, https:\/\/www.june-illustration.com\/wp-content\/uploads\/agencia-de-ilustracion-june-illustration-ilustradora-infantil-Anabel-Herrero-12-300x109.jpg 300w, https:\/\/www.june-illustration.com\/wp-content\/uploads\/agencia-de-ilustracion-june-illustration-ilustradora-infantil-Anabel-Herrero-12-400x145.jpg 400w, https:\/\/www.june-illustration.com\/wp-content\/uploads\/agencia-de-ilustracion-june-illustration-ilustradora-infantil-Anabel-Herrero-12-600x217.jpg 600w, https:\/\/www.june-illustration.com\/wp-content\/uploads\/agencia-de-ilustracion-june-illustration-ilustradora-infantil-Anabel-Herrero-12-768x278.jpg 768w, https:\/\/www.june-illustration.com\/wp-content\/uploads\/agencia-de-ilustracion-june-illustration-ilustradora-infantil-Anabel-Herrero-12-800x290.jpg 800w, https:\/\/www.june-illustration.com\/wp-content\/uploads\/agencia-de-ilustracion-june-illustration-ilustradora-infantil-Anabel-Herrero-12.jpg 1000w\" sizes=\"(max-width: 1000px) 100vw, 1000px\" \/><\/a>\n\t\t\t<\/dt><\/dl><br style=\"clear: both\" \/><dl class='gallery-item'>\n\t\t\t<dt class='gallery-icon landscape'>\n\t\t\t\t<a data-rel=\"iLightbox[postimages]\" data-title=\"agencia-de-ilustracion-june-illustration-ilustradora-infantil-Anabel-Herrero-13\" data-caption=\"\" href='https:\/\/www.june-illustration.com\/wp-content\/uploads\/agencia-de-ilustracion-june-illustration-ilustradora-infantil-Anabel-Herrero-13.jpg'><img decoding=\"async\" width=\"1000\" height=\"362\" src=\"https:\/\/www.june-illustration.com\/wp-content\/uploads\/agencia-de-ilustracion-june-illustration-ilustradora-infantil-Anabel-Herrero-13.jpg\" class=\"attachment-full size-full\" alt=\"\" srcset=\"https:\/\/www.june-illustration.com\/wp-content\/uploads\/agencia-de-ilustracion-june-illustration-ilustradora-infantil-Anabel-Herrero-13-200x72.jpg 200w, https:\/\/www.june-illustration.com\/wp-content\/uploads\/agencia-de-ilustracion-june-illustration-ilustradora-infantil-Anabel-Herrero-13-300x109.jpg 300w, https:\/\/www.june-illustration.com\/wp-content\/uploads\/agencia-de-ilustracion-june-illustration-ilustradora-infantil-Anabel-Herrero-13-400x145.jpg 400w, https:\/\/www.june-illustration.com\/wp-content\/uploads\/agencia-de-ilustracion-june-illustration-ilustradora-infantil-Anabel-Herrero-13-600x217.jpg 600w, https:\/\/www.june-illustration.com\/wp-content\/uploads\/agencia-de-ilustracion-june-illustration-ilustradora-infantil-Anabel-Herrero-13-768x278.jpg 768w, https:\/\/www.june-illustration.com\/wp-content\/uploads\/agencia-de-ilustracion-june-illustration-ilustradora-infantil-Anabel-Herrero-13-800x290.jpg 800w, https:\/\/www.june-illustration.com\/wp-content\/uploads\/agencia-de-ilustracion-june-illustration-ilustradora-infantil-Anabel-Herrero-13.jpg 1000w\" sizes=\"(max-width: 1000px) 100vw, 1000px\" \/><\/a>\n\t\t\t<\/dt><\/dl><br style=\"clear: both\" \/><dl class='gallery-item'>\n\t\t\t<dt class='gallery-icon landscape'>\n\t\t\t\t<a data-rel=\"iLightbox[postimages]\" data-title=\"agencia-de-ilustracion-june-illustration-ilustradora-infantil-Anabel-Herrero-14\" data-caption=\"\" href='https:\/\/www.june-illustration.com\/wp-content\/uploads\/agencia-de-ilustracion-june-illustration-ilustradora-infantil-Anabel-Herrero-14.jpg'><img decoding=\"async\" width=\"900\" height=\"678\" src=\"https:\/\/www.june-illustration.com\/wp-content\/uploads\/agencia-de-ilustracion-june-illustration-ilustradora-infantil-Anabel-Herrero-14.jpg\" class=\"attachment-full size-full\" alt=\"\" srcset=\"https:\/\/www.june-illustration.com\/wp-content\/uploads\/agencia-de-ilustracion-june-illustration-ilustradora-infantil-Anabel-Herrero-14-200x151.jpg 200w, https:\/\/www.june-illustration.com\/wp-content\/uploads\/agencia-de-ilustracion-june-illustration-ilustradora-infantil-Anabel-Herrero-14-300x226.jpg 300w, https:\/\/www.june-illustration.com\/wp-content\/uploads\/agencia-de-ilustracion-june-illustration-ilustradora-infantil-Anabel-Herrero-14-400x301.jpg 400w, https:\/\/www.june-illustration.com\/wp-content\/uploads\/agencia-de-ilustracion-june-illustration-ilustradora-infantil-Anabel-Herrero-14-600x452.jpg 600w, https:\/\/www.june-illustration.com\/wp-content\/uploads\/agencia-de-ilustracion-june-illustration-ilustradora-infantil-Anabel-Herrero-14-768x579.jpg 768w, https:\/\/www.june-illustration.com\/wp-content\/uploads\/agencia-de-ilustracion-june-illustration-ilustradora-infantil-Anabel-Herrero-14-800x603.jpg 800w, https:\/\/www.june-illustration.com\/wp-content\/uploads\/agencia-de-ilustracion-june-illustration-ilustradora-infantil-Anabel-Herrero-14.jpg 900w\" sizes=\"(max-width: 900px) 100vw, 900px\" \/><\/a>\n\t\t\t<\/dt><\/dl><br style=\"clear: both\" \/><dl class='gallery-item'>\n\t\t\t<dt class='gallery-icon portrait'>\n\t\t\t\t<a data-rel=\"iLightbox[postimages]\" data-title=\"agencia-de-ilustracion-june-illustration-ilustradora-infantil-Anabel-Herrero-15\" data-caption=\"\" href='https:\/\/www.june-illustration.com\/wp-content\/uploads\/agencia-de-ilustracion-june-illustration-ilustradora-infantil-Anabel-Herrero-15.jpg'><img decoding=\"async\" width=\"600\" height=\"848\" src=\"https:\/\/www.june-illustration.com\/wp-content\/uploads\/agencia-de-ilustracion-june-illustration-ilustradora-infantil-Anabel-Herrero-15.jpg\" class=\"attachment-full size-full\" alt=\"\" srcset=\"https:\/\/www.june-illustration.com\/wp-content\/uploads\/agencia-de-ilustracion-june-illustration-ilustradora-infantil-Anabel-Herrero-15-200x283.jpg 200w, https:\/\/www.june-illustration.com\/wp-content\/uploads\/agencia-de-ilustracion-june-illustration-ilustradora-infantil-Anabel-Herrero-15-212x300.jpg 212w, https:\/\/www.june-illustration.com\/wp-content\/uploads\/agencia-de-ilustracion-june-illustration-ilustradora-infantil-Anabel-Herrero-15-400x565.jpg 400w, https:\/\/www.june-illustration.com\/wp-content\/uploads\/agencia-de-ilustracion-june-illustration-ilustradora-infantil-Anabel-Herrero-15.jpg 600w\" sizes=\"(max-width: 600px) 100vw, 600px\" \/><\/a>\n\t\t\t<\/dt><\/dl><br style=\"clear: both\" \/><dl class='gallery-item'>\n\t\t\t<dt class='gallery-icon landscape'>\n\t\t\t\t<a data-rel=\"iLightbox[postimages]\" data-title=\"agencia-de-ilustracion-june-illustration-ilustradora-infantil-Anabel-Herrero-16\" data-caption=\"\" href='https:\/\/www.june-illustration.com\/wp-content\/uploads\/agencia-de-ilustracion-june-illustration-ilustradora-infantil-Anabel-Herrero-16.jpg'><img decoding=\"async\" width=\"900\" height=\"607\" src=\"https:\/\/www.june-illustration.com\/wp-content\/uploads\/agencia-de-ilustracion-june-illustration-ilustradora-infantil-Anabel-Herrero-16.jpg\" class=\"attachment-full size-full\" alt=\"\" srcset=\"https:\/\/www.june-illustration.com\/wp-content\/uploads\/agencia-de-ilustracion-june-illustration-ilustradora-infantil-Anabel-Herrero-16-200x135.jpg 200w, https:\/\/www.june-illustration.com\/wp-content\/uploads\/agencia-de-ilustracion-june-illustration-ilustradora-infantil-Anabel-Herrero-16-300x202.jpg 300w, https:\/\/www.june-illustration.com\/wp-content\/uploads\/agencia-de-ilustracion-june-illustration-ilustradora-infantil-Anabel-Herrero-16-400x270.jpg 400w, https:\/\/www.june-illustration.com\/wp-content\/uploads\/agencia-de-ilustracion-june-illustration-ilustradora-infantil-Anabel-Herrero-16-600x405.jpg 600w, https:\/\/www.june-illustration.com\/wp-content\/uploads\/agencia-de-ilustracion-june-illustration-ilustradora-infantil-Anabel-Herrero-16-768x518.jpg 768w, https:\/\/www.june-illustration.com\/wp-content\/uploads\/agencia-de-ilustracion-june-illustration-ilustradora-infantil-Anabel-Herrero-16-800x540.jpg 800w, https:\/\/www.june-illustration.com\/wp-content\/uploads\/agencia-de-ilustracion-june-illustration-ilustradora-infantil-Anabel-Herrero-16.jpg 900w\" sizes=\"(max-width: 900px) 100vw, 900px\" \/><\/a>\n\t\t\t<\/dt><\/dl><br style=\"clear: both\" \/><dl class='gallery-item'>\n\t\t\t<dt class='gallery-icon landscape'>\n\t\t\t\t<a data-rel=\"iLightbox[postimages]\" data-title=\"agencia-de-ilustracion-june-illustration-ilustradora-infantil-Anabel-Herrero-17\" data-caption=\"\" href='https:\/\/www.june-illustration.com\/wp-content\/uploads\/agencia-de-ilustracion-june-illustration-ilustradora-infantil-Anabel-Herrero-17.jpg'><img decoding=\"async\" width=\"800\" height=\"800\" src=\"https:\/\/www.june-illustration.com\/wp-content\/uploads\/agencia-de-ilustracion-june-illustration-ilustradora-infantil-Anabel-Herrero-17.jpg\" class=\"attachment-full size-full\" alt=\"\" srcset=\"https:\/\/www.june-illustration.com\/wp-content\/uploads\/agencia-de-ilustracion-june-illustration-ilustradora-infantil-Anabel-Herrero-17-66x66.jpg 66w, https:\/\/www.june-illustration.com\/wp-content\/uploads\/agencia-de-ilustracion-june-illustration-ilustradora-infantil-Anabel-Herrero-17-150x150.jpg 150w, https:\/\/www.june-illustration.com\/wp-content\/uploads\/agencia-de-ilustracion-june-illustration-ilustradora-infantil-Anabel-Herrero-17-200x200.jpg 200w, https:\/\/www.june-illustration.com\/wp-content\/uploads\/agencia-de-ilustracion-june-illustration-ilustradora-infantil-Anabel-Herrero-17-300x300.jpg 300w, https:\/\/www.june-illustration.com\/wp-content\/uploads\/agencia-de-ilustracion-june-illustration-ilustradora-infantil-Anabel-Herrero-17-400x400.jpg 400w, https:\/\/www.june-illustration.com\/wp-content\/uploads\/agencia-de-ilustracion-june-illustration-ilustradora-infantil-Anabel-Herrero-17-600x600.jpg 600w, https:\/\/www.june-illustration.com\/wp-content\/uploads\/agencia-de-ilustracion-june-illustration-ilustradora-infantil-Anabel-Herrero-17-768x768.jpg 768w, https:\/\/www.june-illustration.com\/wp-content\/uploads\/agencia-de-ilustracion-june-illustration-ilustradora-infantil-Anabel-Herrero-17.jpg 800w\" sizes=\"(max-width: 800px) 100vw, 800px\" \/><\/a>\n\t\t\t<\/dt><\/dl><br style=\"clear: both\" \/><dl class='gallery-item'>\n\t\t\t<dt class='gallery-icon landscape'>\n\t\t\t\t<a data-rel=\"iLightbox[postimages]\" data-title=\"agencia-de-ilustracion-june-illustration-ilustradora-infantil-Anabel-Herrero-18\" data-caption=\"\" href='https:\/\/www.june-illustration.com\/wp-content\/uploads\/agencia-de-ilustracion-june-illustration-ilustradora-infantil-Anabel-Herrero-18.jpg'><img decoding=\"async\" width=\"800\" height=\"800\" src=\"https:\/\/www.june-illustration.com\/wp-content\/uploads\/agencia-de-ilustracion-june-illustration-ilustradora-infantil-Anabel-Herrero-18.jpg\" class=\"attachment-full size-full\" alt=\"\" srcset=\"https:\/\/www.june-illustration.com\/wp-content\/uploads\/agencia-de-ilustracion-june-illustration-ilustradora-infantil-Anabel-Herrero-18-66x66.jpg 66w, https:\/\/www.june-illustration.com\/wp-content\/uploads\/agencia-de-ilustracion-june-illustration-ilustradora-infantil-Anabel-Herrero-18-150x150.jpg 150w, https:\/\/www.june-illustration.com\/wp-content\/uploads\/agencia-de-ilustracion-june-illustration-ilustradora-infantil-Anabel-Herrero-18-200x200.jpg 200w, https:\/\/www.june-illustration.com\/wp-content\/uploads\/agencia-de-ilustracion-june-illustration-ilustradora-infantil-Anabel-Herrero-18-300x300.jpg 300w, https:\/\/www.june-illustration.com\/wp-content\/uploads\/agencia-de-ilustracion-june-illustration-ilustradora-infantil-Anabel-Herrero-18-400x400.jpg 400w, https:\/\/www.june-illustration.com\/wp-content\/uploads\/agencia-de-ilustracion-june-illustration-ilustradora-infantil-Anabel-Herrero-18-600x600.jpg 600w, https:\/\/www.june-illustration.com\/wp-content\/uploads\/agencia-de-ilustracion-june-illustration-ilustradora-infantil-Anabel-Herrero-18-768x768.jpg 768w, https:\/\/www.june-illustration.com\/wp-content\/uploads\/agencia-de-ilustracion-june-illustration-ilustradora-infantil-Anabel-Herrero-18.jpg 800w\" sizes=\"(max-width: 800px) 100vw, 800px\" \/><\/a>\n\t\t\t<\/dt><\/dl><br style=\"clear: both\" \/><dl class='gallery-item'>\n\t\t\t<dt class='gallery-icon landscape'>\n\t\t\t\t<a data-rel=\"iLightbox[postimages]\" data-title=\"agencia-de-ilustracion-june-illustration-ilustradora-infantil-Anabel-Herrero-19\" data-caption=\"\" href='https:\/\/www.june-illustration.com\/wp-content\/uploads\/agencia-de-ilustracion-june-illustration-ilustradora-infantil-Anabel-Herrero-19.jpg'><img decoding=\"async\" width=\"800\" height=\"800\" src=\"https:\/\/www.june-illustration.com\/wp-content\/uploads\/agencia-de-ilustracion-june-illustration-ilustradora-infantil-Anabel-Herrero-19.jpg\" class=\"attachment-full size-full\" alt=\"\" srcset=\"https:\/\/www.june-illustration.com\/wp-content\/uploads\/agencia-de-ilustracion-june-illustration-ilustradora-infantil-Anabel-Herrero-19-66x66.jpg 66w, https:\/\/www.june-illustration.com\/wp-content\/uploads\/agencia-de-ilustracion-june-illustration-ilustradora-infantil-Anabel-Herrero-19-150x150.jpg 150w, https:\/\/www.june-illustration.com\/wp-content\/uploads\/agencia-de-ilustracion-june-illustration-ilustradora-infantil-Anabel-Herrero-19-200x200.jpg 200w, https:\/\/www.june-illustration.com\/wp-content\/uploads\/agencia-de-ilustracion-june-illustration-ilustradora-infantil-Anabel-Herrero-19-300x300.jpg 300w, https:\/\/www.june-illustration.com\/wp-content\/uploads\/agencia-de-ilustracion-june-illustration-ilustradora-infantil-Anabel-Herrero-19-400x400.jpg 400w, https:\/\/www.june-illustration.com\/wp-content\/uploads\/agencia-de-ilustracion-june-illustration-ilustradora-infantil-Anabel-Herrero-19-600x600.jpg 600w, https:\/\/www.june-illustration.com\/wp-content\/uploads\/agencia-de-ilustracion-june-illustration-ilustradora-infantil-Anabel-Herrero-19-768x768.jpg 768w, https:\/\/www.june-illustration.com\/wp-content\/uploads\/agencia-de-ilustracion-june-illustration-ilustradora-infantil-Anabel-Herrero-19.jpg 800w\" sizes=\"(max-width: 800px) 100vw, 800px\" \/><\/a>\n\t\t\t<\/dt><\/dl><br style=\"clear: both\" \/><dl class='gallery-item'>\n\t\t\t<dt class='gallery-icon landscape'>\n\t\t\t\t<a data-rel=\"iLightbox[postimages]\" data-title=\"agencia-de-ilustracion-june-illustration-ilustradora-infantil-Anabel-Herrero-20\" data-caption=\"\" href='https:\/\/www.june-illustration.com\/wp-content\/uploads\/agencia-de-ilustracion-june-illustration-ilustradora-infantil-Anabel-Herrero-20.jpg'><img decoding=\"async\" width=\"800\" height=\"800\" src=\"https:\/\/www.june-illustration.com\/wp-content\/uploads\/agencia-de-ilustracion-june-illustration-ilustradora-infantil-Anabel-Herrero-20.jpg\" class=\"attachment-full size-full\" alt=\"\" srcset=\"https:\/\/www.june-illustration.com\/wp-content\/uploads\/agencia-de-ilustracion-june-illustration-ilustradora-infantil-Anabel-Herrero-20-66x66.jpg 66w, https:\/\/www.june-illustration.com\/wp-content\/uploads\/agencia-de-ilustracion-june-illustration-ilustradora-infantil-Anabel-Herrero-20-150x150.jpg 150w, https:\/\/www.june-illustration.com\/wp-content\/uploads\/agencia-de-ilustracion-june-illustration-ilustradora-infantil-Anabel-Herrero-20-200x200.jpg 200w, https:\/\/www.june-illustration.com\/wp-content\/uploads\/agencia-de-ilustracion-june-illustration-ilustradora-infantil-Anabel-Herrero-20-300x300.jpg 300w, https:\/\/www.june-illustration.com\/wp-content\/uploads\/agencia-de-ilustracion-june-illustration-ilustradora-infantil-Anabel-Herrero-20-400x400.jpg 400w, https:\/\/www.june-illustration.com\/wp-content\/uploads\/agencia-de-ilustracion-june-illustration-ilustradora-infantil-Anabel-Herrero-20-600x600.jpg 600w, https:\/\/www.june-illustration.com\/wp-content\/uploads\/agencia-de-ilustracion-june-illustration-ilustradora-infantil-Anabel-Herrero-20-768x768.jpg 768w, https:\/\/www.june-illustration.com\/wp-content\/uploads\/agencia-de-ilustracion-june-illustration-ilustradora-infantil-Anabel-Herrero-20.jpg 800w\" sizes=\"(max-width: 800px) 100vw, 800px\" \/><\/a>\n\t\t\t<\/dt><\/dl><br style=\"clear: both\" \/><dl class='gallery-item'>\n\t\t\t<dt class='gallery-icon landscape'>\n\t\t\t\t<a data-rel=\"iLightbox[postimages]\" data-title=\"agencia-de-ilustracion-june-illustration-ilustradora-infantil-Anabel-Herrero-21\" data-caption=\"\" href='https:\/\/www.june-illustration.com\/wp-content\/uploads\/agencia-de-ilustracion-june-illustration-ilustradora-infantil-Anabel-Herrero-21.jpg'><img decoding=\"async\" width=\"1000\" height=\"465\" src=\"https:\/\/www.june-illustration.com\/wp-content\/uploads\/agencia-de-ilustracion-june-illustration-ilustradora-infantil-Anabel-Herrero-21.jpg\" class=\"attachment-full size-full\" alt=\"\" srcset=\"https:\/\/www.june-illustration.com\/wp-content\/uploads\/agencia-de-ilustracion-june-illustration-ilustradora-infantil-Anabel-Herrero-21-200x93.jpg 200w, https:\/\/www.june-illustration.com\/wp-content\/uploads\/agencia-de-ilustracion-june-illustration-ilustradora-infantil-Anabel-Herrero-21-300x140.jpg 300w, https:\/\/www.june-illustration.com\/wp-content\/uploads\/agencia-de-ilustracion-june-illustration-ilustradora-infantil-Anabel-Herrero-21-400x186.jpg 400w, https:\/\/www.june-illustration.com\/wp-content\/uploads\/agencia-de-ilustracion-june-illustration-ilustradora-infantil-Anabel-Herrero-21-600x279.jpg 600w, https:\/\/www.june-illustration.com\/wp-content\/uploads\/agencia-de-ilustracion-june-illustration-ilustradora-infantil-Anabel-Herrero-21-768x357.jpg 768w, https:\/\/www.june-illustration.com\/wp-content\/uploads\/agencia-de-ilustracion-june-illustration-ilustradora-infantil-Anabel-Herrero-21-800x372.jpg 800w, https:\/\/www.june-illustration.com\/wp-content\/uploads\/agencia-de-ilustracion-june-illustration-ilustradora-infantil-Anabel-Herrero-21.jpg 1000w\" sizes=\"(max-width: 1000px) 100vw, 1000px\" \/><\/a>\n\t\t\t<\/dt><\/dl><br style=\"clear: both\" \/><dl class='gallery-item'>\n\t\t\t<dt class='gallery-icon landscape'>\n\t\t\t\t<a data-rel=\"iLightbox[postimages]\" data-title=\"agencia-de-ilustracion-june-illustration-ilustradora-infantil-Anabel-Herrero-22\" data-caption=\"Agencia de ilustraci\u00f3n June Illustration, ilustradora Anabel Herrero, peces\" href='https:\/\/www.june-illustration.com\/wp-content\/uploads\/agencia-de-ilustracion-june-illustration-ilustradora-infantil-Anabel-Herrero-22.jpg'><img decoding=\"async\" width=\"1000\" height=\"465\" src=\"https:\/\/www.june-illustration.com\/wp-content\/uploads\/agencia-de-ilustracion-june-illustration-ilustradora-infantil-Anabel-Herrero-22.jpg\" class=\"attachment-full size-full\" alt=\"Agencia de ilustraci\u00f3n June Illustration, ilustradora Anabel Herrero, peces\" aria-describedby=\"gallery-1-22810\" srcset=\"https:\/\/www.june-illustration.com\/wp-content\/uploads\/agencia-de-ilustracion-june-illustration-ilustradora-infantil-Anabel-Herrero-22-200x93.jpg 200w, https:\/\/www.june-illustration.com\/wp-content\/uploads\/agencia-de-ilustracion-june-illustration-ilustradora-infantil-Anabel-Herrero-22-300x140.jpg 300w, https:\/\/www.june-illustration.com\/wp-content\/uploads\/agencia-de-ilustracion-june-illustration-ilustradora-infantil-Anabel-Herrero-22-400x186.jpg 400w, https:\/\/www.june-illustration.com\/wp-content\/uploads\/agencia-de-ilustracion-june-illustration-ilustradora-infantil-Anabel-Herrero-22-600x279.jpg 600w, https:\/\/www.june-illustration.com\/wp-content\/uploads\/agencia-de-ilustracion-june-illustration-ilustradora-infantil-Anabel-Herrero-22-768x357.jpg 768w, https:\/\/www.june-illustration.com\/wp-content\/uploads\/agencia-de-ilustracion-june-illustration-ilustradora-infantil-Anabel-Herrero-22-800x372.jpg 800w, https:\/\/www.june-illustration.com\/wp-content\/uploads\/agencia-de-ilustracion-june-illustration-ilustradora-infantil-Anabel-Herrero-22.jpg 1000w\" sizes=\"(max-width: 1000px) 100vw, 1000px\" \/><\/a>\n\t\t\t<\/dt>\n\t\t\t\t<dd class='wp-caption-text gallery-caption' id='gallery-1-22810'>\n\t\t\t\tAgencia de ilustraci\u00f3n June Illustration, ilustradora Anabel Herrero, peces\n\t\t\t\t<\/dd><\/dl><br style=\"clear: both\" \/><dl class='gallery-item'>\n\t\t\t<dt class='gallery-icon portrait'>\n\t\t\t\t<a data-rel=\"iLightbox[postimages]\" data-title=\"agencia-de-ilustracion-june-illustration-ilustradora-infantil-Anabel-Herrero-23\" data-caption=\"\" href='https:\/\/www.june-illustration.com\/wp-content\/uploads\/agencia-de-ilustracion-june-illustration-ilustradora-infantil-Anabel-Herrero-23.jpg'><img decoding=\"async\" width=\"600\" height=\"869\" src=\"https:\/\/www.june-illustration.com\/wp-content\/uploads\/agencia-de-ilustracion-june-illustration-ilustradora-infantil-Anabel-Herrero-23.jpg\" class=\"attachment-full size-full\" alt=\"\" srcset=\"https:\/\/www.june-illustration.com\/wp-content\/uploads\/agencia-de-ilustracion-june-illustration-ilustradora-infantil-Anabel-Herrero-23-200x290.jpg 200w, https:\/\/www.june-illustration.com\/wp-content\/uploads\/agencia-de-ilustracion-june-illustration-ilustradora-infantil-Anabel-Herrero-23-207x300.jpg 207w, https:\/\/www.june-illustration.com\/wp-content\/uploads\/agencia-de-ilustracion-june-illustration-ilustradora-infantil-Anabel-Herrero-23-400x579.jpg 400w, https:\/\/www.june-illustration.com\/wp-content\/uploads\/agencia-de-ilustracion-june-illustration-ilustradora-infantil-Anabel-Herrero-23.jpg 600w\" sizes=\"(max-width: 600px) 100vw, 600px\" \/><\/a>\n\t\t\t<\/dt><\/dl><br style=\"clear: both\" \/><dl class='gallery-item'>\n\t\t\t<dt class='gallery-icon landscape'>\n\t\t\t\t<a data-rel=\"iLightbox[postimages]\" data-title=\"agencia-de-ilustracion-june-illustration-ilustradora-infantil-Anabel-Herrero-24\" data-caption=\"\" href='https:\/\/www.june-illustration.com\/wp-content\/uploads\/agencia-de-ilustracion-june-illustration-ilustradora-infantil-Anabel-Herrero-24.jpg'><img decoding=\"async\" width=\"1000\" height=\"362\" src=\"https:\/\/www.june-illustration.com\/wp-content\/uploads\/agencia-de-ilustracion-june-illustration-ilustradora-infantil-Anabel-Herrero-24.jpg\" class=\"attachment-full size-full\" alt=\"\" srcset=\"https:\/\/www.june-illustration.com\/wp-content\/uploads\/agencia-de-ilustracion-june-illustration-ilustradora-infantil-Anabel-Herrero-24-200x72.jpg 200w, https:\/\/www.june-illustration.com\/wp-content\/uploads\/agencia-de-ilustracion-june-illustration-ilustradora-infantil-Anabel-Herrero-24-300x109.jpg 300w, https:\/\/www.june-illustration.com\/wp-content\/uploads\/agencia-de-ilustracion-june-illustration-ilustradora-infantil-Anabel-Herrero-24-400x145.jpg 400w, https:\/\/www.june-illustration.com\/wp-content\/uploads\/agencia-de-ilustracion-june-illustration-ilustradora-infantil-Anabel-Herrero-24-600x217.jpg 600w, https:\/\/www.june-illustration.com\/wp-content\/uploads\/agencia-de-ilustracion-june-illustration-ilustradora-infantil-Anabel-Herrero-24-768x278.jpg 768w, https:\/\/www.june-illustration.com\/wp-content\/uploads\/agencia-de-ilustracion-june-illustration-ilustradora-infantil-Anabel-Herrero-24-800x290.jpg 800w, https:\/\/www.june-illustration.com\/wp-content\/uploads\/agencia-de-ilustracion-june-illustration-ilustradora-infantil-Anabel-Herrero-24.jpg 1000w\" sizes=\"(max-width: 1000px) 100vw, 1000px\" \/><\/a>\n\t\t\t<\/dt><\/dl><br style=\"clear: both\" \/><dl class='gallery-item'>\n\t\t\t<dt class='gallery-icon portrait'>\n\t\t\t\t<a data-rel=\"iLightbox[postimages]\" data-title=\"agencia-de-ilustracion-june-illustration-ilustradora-infantil-Anabel-Herrero-25\" data-caption=\"\" href='https:\/\/www.june-illustration.com\/wp-content\/uploads\/agencia-de-ilustracion-june-illustration-ilustradora-infantil-Anabel-Herrero-25.jpg'><img decoding=\"async\" width=\"600\" height=\"848\" src=\"https:\/\/www.june-illustration.com\/wp-content\/uploads\/agencia-de-ilustracion-june-illustration-ilustradora-infantil-Anabel-Herrero-25.jpg\" class=\"attachment-full size-full\" alt=\"\" srcset=\"https:\/\/www.june-illustration.com\/wp-content\/uploads\/agencia-de-ilustracion-june-illustration-ilustradora-infantil-Anabel-Herrero-25-200x283.jpg 200w, https:\/\/www.june-illustration.com\/wp-content\/uploads\/agencia-de-ilustracion-june-illustration-ilustradora-infantil-Anabel-Herrero-25-212x300.jpg 212w, https:\/\/www.june-illustration.com\/wp-content\/uploads\/agencia-de-ilustracion-june-illustration-ilustradora-infantil-Anabel-Herrero-25-400x565.jpg 400w, https:\/\/www.june-illustration.com\/wp-content\/uploads\/agencia-de-ilustracion-june-illustration-ilustradora-infantil-Anabel-Herrero-25.jpg 600w\" sizes=\"(max-width: 600px) 100vw, 600px\" \/><\/a>\n\t\t\t<\/dt><\/dl><br style=\"clear: both\" \/><dl class='gallery-item'>\n\t\t\t<dt class='gallery-icon portrait'>\n\t\t\t\t<a data-rel=\"iLightbox[postimages]\" data-title=\"agencia-de-ilustracion-june-illustration-ilustradora-infantil-Anabel-Herrero-26\" data-caption=\"\" href='https:\/\/www.june-illustration.com\/wp-content\/uploads\/agencia-de-ilustracion-june-illustration-ilustradora-infantil-Anabel-Herrero-26.jpg'><img decoding=\"async\" width=\"600\" height=\"848\" src=\"https:\/\/www.june-illustration.com\/wp-content\/uploads\/agencia-de-ilustracion-june-illustration-ilustradora-infantil-Anabel-Herrero-26.jpg\" class=\"attachment-full size-full\" alt=\"\" srcset=\"https:\/\/www.june-illustration.com\/wp-content\/uploads\/agencia-de-ilustracion-june-illustration-ilustradora-infantil-Anabel-Herrero-26-200x283.jpg 200w, https:\/\/www.june-illustration.com\/wp-content\/uploads\/agencia-de-ilustracion-june-illustration-ilustradora-infantil-Anabel-Herrero-26-212x300.jpg 212w, https:\/\/www.june-illustration.com\/wp-content\/uploads\/agencia-de-ilustracion-june-illustration-ilustradora-infantil-Anabel-Herrero-26-400x565.jpg 400w, https:\/\/www.june-illustration.com\/wp-content\/uploads\/agencia-de-ilustracion-june-illustration-ilustradora-infantil-Anabel-Herrero-26.jpg 600w\" sizes=\"(max-width: 600px) 100vw, 600px\" \/><\/a>\n\t\t\t<\/dt><\/dl><br style=\"clear: both\" \/><dl class='gallery-item'>\n\t\t\t<dt class='gallery-icon landscape'>\n\t\t\t\t<a data-rel=\"iLightbox[postimages]\" data-title=\"agencia-de-ilustracion-june-illustration-ilustradora-infantil-Anabel-Herrero-27\" data-caption=\"\" href='https:\/\/www.june-illustration.com\/wp-content\/uploads\/agencia-de-ilustracion-june-illustration-ilustradora-infantil-Anabel-Herrero-27.jpg'><img decoding=\"async\" width=\"1000\" height=\"462\" src=\"https:\/\/www.june-illustration.com\/wp-content\/uploads\/agencia-de-ilustracion-june-illustration-ilustradora-infantil-Anabel-Herrero-27.jpg\" class=\"attachment-full size-full\" alt=\"\" srcset=\"https:\/\/www.june-illustration.com\/wp-content\/uploads\/agencia-de-ilustracion-june-illustration-ilustradora-infantil-Anabel-Herrero-27-200x92.jpg 200w, https:\/\/www.june-illustration.com\/wp-content\/uploads\/agencia-de-ilustracion-june-illustration-ilustradora-infantil-Anabel-Herrero-27-300x139.jpg 300w, https:\/\/www.june-illustration.com\/wp-content\/uploads\/agencia-de-ilustracion-june-illustration-ilustradora-infantil-Anabel-Herrero-27-400x185.jpg 400w, https:\/\/www.june-illustration.com\/wp-content\/uploads\/agencia-de-ilustracion-june-illustration-ilustradora-infantil-Anabel-Herrero-27-600x277.jpg 600w, https:\/\/www.june-illustration.com\/wp-content\/uploads\/agencia-de-ilustracion-june-illustration-ilustradora-infantil-Anabel-Herrero-27-768x355.jpg 768w, https:\/\/www.june-illustration.com\/wp-content\/uploads\/agencia-de-ilustracion-june-illustration-ilustradora-infantil-Anabel-Herrero-27-800x370.jpg 800w, https:\/\/www.june-illustration.com\/wp-content\/uploads\/agencia-de-ilustracion-june-illustration-ilustradora-infantil-Anabel-Herrero-27.jpg 1000w\" sizes=\"(max-width: 1000px) 100vw, 1000px\" \/><\/a>\n\t\t\t<\/dt><\/dl><br style=\"clear: both\" \/><dl class='gallery-item'>\n\t\t\t<dt class='gallery-icon landscape'>\n\t\t\t\t<a data-rel=\"iLightbox[postimages]\" data-title=\"agencia-de-ilustracion-june-illustration-ilustradora-infantil-Anabel-Herrero-28\" data-caption=\"\" href='https:\/\/www.june-illustration.com\/wp-content\/uploads\/agencia-de-ilustracion-june-illustration-ilustradora-infantil-Anabel-Herrero-28.jpg'><img decoding=\"async\" width=\"800\" height=\"800\" src=\"https:\/\/www.june-illustration.com\/wp-content\/uploads\/agencia-de-ilustracion-june-illustration-ilustradora-infantil-Anabel-Herrero-28.jpg\" class=\"attachment-full size-full\" alt=\"\" srcset=\"https:\/\/www.june-illustration.com\/wp-content\/uploads\/agencia-de-ilustracion-june-illustration-ilustradora-infantil-Anabel-Herrero-28-66x66.jpg 66w, https:\/\/www.june-illustration.com\/wp-content\/uploads\/agencia-de-ilustracion-june-illustration-ilustradora-infantil-Anabel-Herrero-28-150x150.jpg 150w, https:\/\/www.june-illustration.com\/wp-content\/uploads\/agencia-de-ilustracion-june-illustration-ilustradora-infantil-Anabel-Herrero-28-200x200.jpg 200w, https:\/\/www.june-illustration.com\/wp-content\/uploads\/agencia-de-ilustracion-june-illustration-ilustradora-infantil-Anabel-Herrero-28-300x300.jpg 300w, https:\/\/www.june-illustration.com\/wp-content\/uploads\/agencia-de-ilustracion-june-illustration-ilustradora-infantil-Anabel-Herrero-28-400x400.jpg 400w, https:\/\/www.june-illustration.com\/wp-content\/uploads\/agencia-de-ilustracion-june-illustration-ilustradora-infantil-Anabel-Herrero-28-600x600.jpg 600w, https:\/\/www.june-illustration.com\/wp-content\/uploads\/agencia-de-ilustracion-june-illustration-ilustradora-infantil-Anabel-Herrero-28-768x768.jpg 768w, https:\/\/www.june-illustration.com\/wp-content\/uploads\/agencia-de-ilustracion-june-illustration-ilustradora-infantil-Anabel-Herrero-28.jpg 800w\" sizes=\"(max-width: 800px) 100vw, 800px\" \/><\/a>\n\t\t\t<\/dt><\/dl><br style=\"clear: both\" \/><dl class='gallery-item'>\n\t\t\t<dt class='gallery-icon landscape'>\n\t\t\t\t<a data-rel=\"iLightbox[postimages]\" data-title=\"agencia-de-ilustracion-june-illustration-ilustradora-infantil-Anabel-Herrero-29\" data-caption=\"\" href='https:\/\/www.june-illustration.com\/wp-content\/uploads\/agencia-de-ilustracion-june-illustration-ilustradora-infantil-Anabel-Herrero-29.jpg'><img decoding=\"async\" width=\"800\" height=\"800\" src=\"https:\/\/www.june-illustration.com\/wp-content\/uploads\/agencia-de-ilustracion-june-illustration-ilustradora-infantil-Anabel-Herrero-29.jpg\" class=\"attachment-full size-full\" alt=\"\" srcset=\"https:\/\/www.june-illustration.com\/wp-content\/uploads\/agencia-de-ilustracion-june-illustration-ilustradora-infantil-Anabel-Herrero-29-66x66.jpg 66w, https:\/\/www.june-illustration.com\/wp-content\/uploads\/agencia-de-ilustracion-june-illustration-ilustradora-infantil-Anabel-Herrero-29-150x150.jpg 150w, https:\/\/www.june-illustration.com\/wp-content\/uploads\/agencia-de-ilustracion-june-illustration-ilustradora-infantil-Anabel-Herrero-29-200x200.jpg 200w, https:\/\/www.june-illustration.com\/wp-content\/uploads\/agencia-de-ilustracion-june-illustration-ilustradora-infantil-Anabel-Herrero-29-300x300.jpg 300w, https:\/\/www.june-illustration.com\/wp-content\/uploads\/agencia-de-ilustracion-june-illustration-ilustradora-infantil-Anabel-Herrero-29-400x400.jpg 400w, https:\/\/www.june-illustration.com\/wp-content\/uploads\/agencia-de-ilustracion-june-illustration-ilustradora-infantil-Anabel-Herrero-29-600x600.jpg 600w, https:\/\/www.june-illustration.com\/wp-content\/uploads\/agencia-de-ilustracion-june-illustration-ilustradora-infantil-Anabel-Herrero-29-768x768.jpg 768w, https:\/\/www.june-illustration.com\/wp-content\/uploads\/agencia-de-ilustracion-june-illustration-ilustradora-infantil-Anabel-Herrero-29.jpg 800w\" sizes=\"(max-width: 800px) 100vw, 800px\" \/><\/a>\n\t\t\t<\/dt><\/dl><br style=\"clear: both\" \/><dl class='gallery-item'>\n\t\t\t<dt class='gallery-icon portrait'>\n\t\t\t\t<a data-rel=\"iLightbox[postimages]\" data-title=\"agencia-de-ilustracion-june-illustration-ilustradora-infantil-Anabel-Herrero-30\" data-caption=\"\" href='https:\/\/www.june-illustration.com\/wp-content\/uploads\/agencia-de-ilustracion-june-illustration-ilustradora-infantil-Anabel-Herrero-30.jpg'><img decoding=\"async\" width=\"500\" height=\"889\" src=\"https:\/\/www.june-illustration.com\/wp-content\/uploads\/agencia-de-ilustracion-june-illustration-ilustradora-infantil-Anabel-Herrero-30.jpg\" class=\"attachment-full size-full\" alt=\"\" srcset=\"https:\/\/www.june-illustration.com\/wp-content\/uploads\/agencia-de-ilustracion-june-illustration-ilustradora-infantil-Anabel-Herrero-30-169x300.jpg 169w, https:\/\/www.june-illustration.com\/wp-content\/uploads\/agencia-de-ilustracion-june-illustration-ilustradora-infantil-Anabel-Herrero-30-200x356.jpg 200w, https:\/\/www.june-illustration.com\/wp-content\/uploads\/agencia-de-ilustracion-june-illustration-ilustradora-infantil-Anabel-Herrero-30-400x711.jpg 400w, https:\/\/www.june-illustration.com\/wp-content\/uploads\/agencia-de-ilustracion-june-illustration-ilustradora-infantil-Anabel-Herrero-30.jpg 500w\" sizes=\"(max-width: 500px) 100vw, 500px\" \/><\/a>\n\t\t\t<\/dt><\/dl><br style=\"clear: both\" \/><dl class='gallery-item'>\n\t\t\t<dt class='gallery-icon landscape'>\n\t\t\t\t<a data-rel=\"iLightbox[postimages]\" data-title=\"agencia-de-ilustracion-june-illustration-ilustradora-infantil-Anabel-Herrero-31\" data-caption=\"\" href='https:\/\/www.june-illustration.com\/wp-content\/uploads\/agencia-de-ilustracion-june-illustration-ilustradora-infantil-Anabel-Herrero-31.jpg'><img decoding=\"async\" width=\"800\" height=\"800\" src=\"https:\/\/www.june-illustration.com\/wp-content\/uploads\/agencia-de-ilustracion-june-illustration-ilustradora-infantil-Anabel-Herrero-31.jpg\" class=\"attachment-full size-full\" alt=\"\" srcset=\"https:\/\/www.june-illustration.com\/wp-content\/uploads\/agencia-de-ilustracion-june-illustration-ilustradora-infantil-Anabel-Herrero-31-66x66.jpg 66w, https:\/\/www.june-illustration.com\/wp-content\/uploads\/agencia-de-ilustracion-june-illustration-ilustradora-infantil-Anabel-Herrero-31-150x150.jpg 150w, https:\/\/www.june-illustration.com\/wp-content\/uploads\/agencia-de-ilustracion-june-illustration-ilustradora-infantil-Anabel-Herrero-31-200x200.jpg 200w, https:\/\/www.june-illustration.com\/wp-content\/uploads\/agencia-de-ilustracion-june-illustration-ilustradora-infantil-Anabel-Herrero-31-300x300.jpg 300w, https:\/\/www.june-illustration.com\/wp-content\/uploads\/agencia-de-ilustracion-june-illustration-ilustradora-infantil-Anabel-Herrero-31-400x400.jpg 400w, https:\/\/www.june-illustration.com\/wp-content\/uploads\/agencia-de-ilustracion-june-illustration-ilustradora-infantil-Anabel-Herrero-31-600x600.jpg 600w, https:\/\/www.june-illustration.com\/wp-content\/uploads\/agencia-de-ilustracion-june-illustration-ilustradora-infantil-Anabel-Herrero-31-768x768.jpg 768w, https:\/\/www.june-illustration.com\/wp-content\/uploads\/agencia-de-ilustracion-june-illustration-ilustradora-infantil-Anabel-Herrero-31.jpg 800w\" sizes=\"(max-width: 800px) 100vw, 800px\" \/><\/a>\n\t\t\t<\/dt><\/dl><br style=\"clear: both\" \/><dl class='gallery-item'>\n\t\t\t<dt class='gallery-icon portrait'>\n\t\t\t\t<a data-rel=\"iLightbox[postimages]\" data-title=\"agencia-de-ilustracion-june-illustration-ilustradora-infantil-Anabel-Herrero-32\" data-caption=\"\" href='https:\/\/www.june-illustration.com\/wp-content\/uploads\/agencia-de-ilustracion-june-illustration-ilustradora-infantil-Anabel-Herrero-32.jpg'><img decoding=\"async\" width=\"500\" height=\"889\" src=\"https:\/\/www.june-illustration.com\/wp-content\/uploads\/agencia-de-ilustracion-june-illustration-ilustradora-infantil-Anabel-Herrero-32.jpg\" class=\"attachment-full size-full\" alt=\"\" srcset=\"https:\/\/www.june-illustration.com\/wp-content\/uploads\/agencia-de-ilustracion-june-illustration-ilustradora-infantil-Anabel-Herrero-32-169x300.jpg 169w, https:\/\/www.june-illustration.com\/wp-content\/uploads\/agencia-de-ilustracion-june-illustration-ilustradora-infantil-Anabel-Herrero-32-200x356.jpg 200w, https:\/\/www.june-illustration.com\/wp-content\/uploads\/agencia-de-ilustracion-june-illustration-ilustradora-infantil-Anabel-Herrero-32-400x711.jpg 400w, https:\/\/www.june-illustration.com\/wp-content\/uploads\/agencia-de-ilustracion-june-illustration-ilustradora-infantil-Anabel-Herrero-32.jpg 500w\" sizes=\"(max-width: 500px) 100vw, 500px\" \/><\/a>\n\t\t\t<\/dt><\/dl><br style=\"clear: both\" \/><dl class='gallery-item'>\n\t\t\t<dt class='gallery-icon landscape'>\n\t\t\t\t<a data-rel=\"iLightbox[postimages]\" data-title=\"agencia-de-ilustracion-june-illustration-ilustradora-infantil-Anabel-Herrero-33\" data-caption=\"\" href='https:\/\/www.june-illustration.com\/wp-content\/uploads\/agencia-de-ilustracion-june-illustration-ilustradora-infantil-Anabel-Herrero-33.jpg'><img decoding=\"async\" width=\"800\" height=\"800\" src=\"https:\/\/www.june-illustration.com\/wp-content\/uploads\/agencia-de-ilustracion-june-illustration-ilustradora-infantil-Anabel-Herrero-33.jpg\" class=\"attachment-full size-full\" alt=\"\" srcset=\"https:\/\/www.june-illustration.com\/wp-content\/uploads\/agencia-de-ilustracion-june-illustration-ilustradora-infantil-Anabel-Herrero-33-66x66.jpg 66w, https:\/\/www.june-illustration.com\/wp-content\/uploads\/agencia-de-ilustracion-june-illustration-ilustradora-infantil-Anabel-Herrero-33-150x150.jpg 150w, https:\/\/www.june-illustration.com\/wp-content\/uploads\/agencia-de-ilustracion-june-illustration-ilustradora-infantil-Anabel-Herrero-33-200x200.jpg 200w, https:\/\/www.june-illustration.com\/wp-content\/uploads\/agencia-de-ilustracion-june-illustration-ilustradora-infantil-Anabel-Herrero-33-300x300.jpg 300w, https:\/\/www.june-illustration.com\/wp-content\/uploads\/agencia-de-ilustracion-june-illustration-ilustradora-infantil-Anabel-Herrero-33-400x400.jpg 400w, https:\/\/www.june-illustration.com\/wp-content\/uploads\/agencia-de-ilustracion-june-illustration-ilustradora-infantil-Anabel-Herrero-33-600x600.jpg 600w, https:\/\/www.june-illustration.com\/wp-content\/uploads\/agencia-de-ilustracion-june-illustration-ilustradora-infantil-Anabel-Herrero-33-768x768.jpg 768w, https:\/\/www.june-illustration.com\/wp-content\/uploads\/agencia-de-ilustracion-june-illustration-ilustradora-infantil-Anabel-Herrero-33.jpg 800w\" sizes=\"(max-width: 800px) 100vw, 800px\" \/><\/a>\n\t\t\t<\/dt><\/dl><br style=\"clear: both\" \/>\n\t\t<\/div>\n\n<\/div><div class=\"fusion-sep-clear\"><\/div><div class=\"fusion-separator fusion-full-width-sep\" style=\"margin-left: auto;margin-right: auto;margin-top:25px;margin-bottom:25px;width:100%;\"><\/div><div class=\"fusion-sep-clear\"><\/div><div class=\"fusion-button-wrapper fusion-aligncenter\"><a class=\"fusion-button button-flat button-xlarge button-custom fusion-button-default button-1 fusion-button-default-span \" style=\"--button_accent_color:#9b7c4f;--button_border_color:#9b7c4f;--button_accent_hover_color:#9b7c4f;--button_border_hover_color:#9b7c4f;--button_border_width-top:5px;--button_border_width-right:5px;--button_border_width-bottom:5px;--button_border_width-left:5px;--button_gradient_top_color:#9b7c4f;--button_gradient_bottom_color:#9b7c4f;--button_gradient_top_color_hover:#fff;--button_gradient_bottom_color_hover:#fff;\" target=\"_blank\" rel=\"noopener noreferrer\" href=\"#\" data-toggle=\"modal\" data-target=\".fusion-modal.pedir-info\"><span class=\"fusion-button-text awb-button__text awb-button__text--default\">Solicitar informaci\u00f3n \/ Request information Anabel Herrero<\/span><\/a><\/div><div class=\"fusion-modal modal fade modal-1 pedir-info\" tabindex=\"-1\" role=\"dialog\" aria-labelledby=\"modal-heading-1\" aria-hidden=\"true\" style=\"--awb-border-color:#fff;--awb-background:#f3f3f3;\"><div class=\"modal-dialog modal-lg\" role=\"document\"><div class=\"modal-content fusion-modal-content\"><div class=\"modal-header\"><button class=\"close\" type=\"button\" data-dismiss=\"modal\" aria-hidden=\"true\" aria-label=\"Close\">&times;<\/button><h3 class=\"modal-title\" id=\"modal-heading-1\" data-dismiss=\"modal\" aria-hidden=\"true\">Solicitar informaci\u00f3n de la ilustradora Anabel Herrero \/ Request information about Anabel Herrero<\/h3><\/div><div class=\"modal-body fusion-clearfix\">\n<div class=\"wpcf7 no-js\" id=\"wpcf7-f22837-o1\" lang=\"es-ES\" dir=\"ltr\" data-wpcf7-id=\"22837\">\n<div class=\"screen-reader-response\"><p role=\"status\" aria-live=\"polite\" aria-atomic=\"true\"><\/p> <ul><\/ul><\/div>\n<form action=\"\/en\/wp-json\/wp\/v2\/posts\/22843#wpcf7-f22837-o1\" method=\"post\" class=\"wpcf7-form init\" aria-label=\"Formulario de contacto\" novalidate=\"novalidate\" data-status=\"init\">\n<fieldset class=\"hidden-fields-container\"><input type=\"hidden\" name=\"_wpcf7\" value=\"22837\" \/><input type=\"hidden\" name=\"_wpcf7_version\" value=\"6.1.5\" \/><input type=\"hidden\" name=\"_wpcf7_locale\" value=\"es_ES\" \/><input type=\"hidden\" name=\"_wpcf7_unit_tag\" value=\"wpcf7-f22837-o1\" \/><input type=\"hidden\" name=\"_wpcf7_container_post\" value=\"0\" \/><input type=\"hidden\" name=\"_wpcf7_posted_data_hash\" value=\"\" \/><input type=\"hidden\" name=\"_wpcf7_recaptcha_response\" value=\"\" \/>\n<\/fieldset>\n<div style=\"width: 40%; margin: 0 5%; float: left; margin-bottom: 25px;\">\n\t<p>(*) Nombre \/ Name\n\t<\/p>\n\t<p><span class=\"wpcf7-form-control-wrap\" data-name=\"your-name\"><input size=\"40\" maxlength=\"400\" class=\"wpcf7-form-control wpcf7-text wpcf7-validates-as-required\" aria-required=\"true\" aria-invalid=\"false\" value=\"\" type=\"text\" name=\"your-name\" \/><\/span>\n\t<\/p>\n\t<p>(*) Tel\u00e9fono \/ Telephone\n\t<\/p>\n\t<p><span class=\"wpcf7-form-control-wrap\" data-name=\"tel-480\"><input size=\"40\" maxlength=\"400\" class=\"wpcf7-form-control wpcf7-tel wpcf7-validates-as-required wpcf7-text wpcf7-validates-as-tel\" aria-required=\"true\" aria-invalid=\"false\" value=\"\" type=\"tel\" name=\"tel-480\" \/><\/span>\n\t<\/p>\n\t<p>(*) Email\n\t<\/p>\n\t<p><span class=\"wpcf7-form-control-wrap\" data-name=\"email-578\"><input size=\"40\" maxlength=\"400\" class=\"wpcf7-form-control wpcf7-email wpcf7-validates-as-required wpcf7-text wpcf7-validates-as-email\" aria-required=\"true\" aria-invalid=\"false\" value=\"\" type=\"email\" name=\"email-578\" \/><\/span>\n\t<\/p>\n<\/div>\n<div style=\"width: 40%; margin: 0 5%; float: left; margin-bottom: 25px;\">\n\t<p>(*) Peque\u00f1a descripci\u00f3n del proyecto a desarrollar \/ Brief description of the project to develop\n\t<\/p>\n\t<p><span class=\"wpcf7-form-control-wrap\" data-name=\"textarea-862\"><textarea cols=\"40\" rows=\"10\" maxlength=\"2000\" class=\"wpcf7-form-control wpcf7-textarea\" aria-invalid=\"false\" name=\"textarea-862\"><\/textarea><\/span><br \/>\n<span class=\"asterisco\">(*) Todos los campos son obligatorios \/ All fields are mandatory<\/span>\n\t<\/p>\n<\/div>\n<p><input class=\"wpcf7-form-control wpcf7-submit has-spinner\" type=\"submit\" value=\"Enviar\" \/>\n<\/p><p style=\"display: none !important;\" class=\"akismet-fields-container\" data-prefix=\"_wpcf7_ak_\"><label>&#916;<textarea name=\"_wpcf7_ak_hp_textarea\" cols=\"45\" rows=\"8\" maxlength=\"100\"><\/textarea><\/label><input type=\"hidden\" id=\"ak_js_1\" name=\"_wpcf7_ak_js\" value=\"183\"\/><script>document.getElementById( \"ak_js_1\" ).setAttribute( \"value\", ( new Date() ).getTime() );<\/script><\/p><div class=\"fusion-alert alert custom alert-custom fusion-alert-center wpcf7-response-output fusion-alert-capitalize awb-alert-native-link-color alert-dismissable awb-alert-close-boxed\" style=\"--awb-border-size:1px;--awb-border-top-left-radius:0px;--awb-border-top-right-radius:0px;--awb-border-bottom-left-radius:0px;--awb-border-bottom-right-radius:0px;\" role=\"alert\"><div class=\"fusion-alert-content-wrapper\"><span class=\"fusion-alert-content\"><\/span><\/div><button type=\"button\" class=\"close toggle-alert\" data-dismiss=\"alert\" aria-label=\"Close\">&times;<\/button><\/div>\n<\/form>\n<\/div>\n<\/div><\/div><\/div><\/div><div class=\"fusion-sep-clear\"><\/div><div class=\"fusion-separator fusion-full-width-sep\" style=\"margin-left: auto;margin-right: auto;margin-top:25px;margin-bottom:25px;width:100%;\"><\/div><div class=\"fusion-sep-clear\"><\/div><div class=\"fusion-text fusion-text-2\"><p style=\"text-align: center;\"><span id=\"subtituloEntrada\">Ilustradora Anabel Herrero clasificada en los estilos \/ Ilustrator Anabel Herrero classified in styles:<br \/>\n<em><a href=\"http:\/\/www.june-illustration.com\/agencia-de-ilustracion-estilo-editorial\/\">Editorial<\/a>\u00a0 \u00a0&#8211;\u00a0 \u00a0<a href=\"https:\/\/www.june-illustration.com\/agencia-de-ilustracion-estilo-infantil-children\/\">Infantil \/ Children<\/a>\u00a0 \u00a0&#8211;\u00a0 \u00a0 <a href=\"https:\/\/www.june-illustration.com\/agencia-de-ilustracion-estilo-ilustradores-de-cuentos-infantiles-children-tales-illustrators\/\">Ilustradores de cuentos infantiles \/ Children&#8217;s Illustration Tales<\/a>\u00a0 \u00a0 &#8211;\u00a0 \u00a0<a href=\"https:\/\/www.june-illustration.com\/agencia-de-ilustracion-estilo-personajes-characters\/\">Personajes \/ Characters<\/a><br \/>\n<\/em><\/span><\/p>\n<\/div><div class=\"separar-paginacion-abajo\"><\/div><div class=\"fusion-clearfix\"><\/div><\/div><\/div><\/div><\/div>\n","protected":false},"excerpt":{"rendered":"","protected":false},"author":1,"featured_media":22834,"comment_status":"open","ping_status":"open","sticky":false,"template":"","format":"standard","meta":{"footnotes":""},"categories":[224,209,208,212,222],"tags":[],"class_list":["post-22843","post","type-post","status-publish","format-standard","has-post-thumbnail","hentry","category-artistico-art-en","category-children-book-illustration","category-ilustradores-a-z-en","category-personajes-characters-en","category-publicitario-advertising-en"],"aioseo_notices":[],"_links":{"self":[{"href":"https:\/\/www.june-illustration.com\/en\/wp-json\/wp\/v2\/posts\/22843","targetHints":{"allow":["GET"]}}],"collection":[{"href":"https:\/\/www.june-illustration.com\/en\/wp-json\/wp\/v2\/posts"}],"about":[{"href":"https:\/\/www.june-illustration.com\/en\/wp-json\/wp\/v2\/types\/post"}],"author":[{"embeddable":true,"href":"https:\/\/www.june-illustration.com\/en\/wp-json\/wp\/v2\/users\/1"}],"replies":[{"embeddable":true,"href":"https:\/\/www.june-illustration.com\/en\/wp-json\/wp\/v2\/comments?post=22843"}],"version-history":[{"count":1,"href":"https:\/\/www.june-illustration.com\/en\/wp-json\/wp\/v2\/posts\/22843\/revisions"}],"predecessor-version":[{"id":25904,"href":"https:\/\/www.june-illustration.com\/en\/wp-json\/wp\/v2\/posts\/22843\/revisions\/25904"}],"wp:featuredmedia":[{"embeddable":true,"href":"https:\/\/www.june-illustration.com\/en\/wp-json\/wp\/v2\/media\/22834"}],"wp:attachment":[{"href":"https:\/\/www.june-illustration.com\/en\/wp-json\/wp\/v2\/media?parent=22843"}],"wp:term":[{"taxonomy":"category","embeddable":true,"href":"https:\/\/www.june-illustration.com\/en\/wp-json\/wp\/v2\/categories?post=22843"},{"taxonomy":"post_tag","embeddable":true,"href":"https:\/\/www.june-illustration.com\/en\/wp-json\/wp\/v2\/tags?post=22843"}],"curies":[{"name":"wp","href":"https:\/\/api.w.org\/{rel}","templated":true}]}}