{"id":23147,"date":"2022-02-24T10:41:01","date_gmt":"2022-02-24T09:41:01","guid":{"rendered":"https:\/\/www.june-illustration.com\/?p=23147"},"modified":"2024-04-30T18:10:55","modified_gmt":"2024-04-30T16:10:55","slug":"comic-illustrator-pablo-alcalde","status":"publish","type":"post","link":"https:\/\/www.june-illustration.com\/en\/comic-illustrator-pablo-alcalde\/","title":{"rendered":"Pablo Alcalde"},"content":{"rendered":"<p><div class=\"fusion-fullwidth fullwidth-box fusion-builder-row-1 hundred-percent-fullwidth non-hundred-percent-height-scrolling\" style=\"--awb-border-radius-top-left:0px;--awb-border-radius-top-right:0px;--awb-border-radius-bottom-right:0px;--awb-border-radius-bottom-left:0px;--awb-overflow:visible;--awb-flex-wrap:wrap;\" ><div class=\"fusion-builder-row fusion-row\"><div class=\"fusion-layout-column fusion_builder_column fusion-builder-column-0 fusion_builder_column_1_1 1_1 fusion-one-full fusion-column-first fusion-column-last fusion-column-no-min-height\" style=\"--awb-bg-size:cover;--awb-margin-bottom:0px;\"><div class=\"fusion-column-wrapper fusion-flex-column-wrapper-legacy\"><div class=\"accordian fusion-accordian\" style=\"--awb-border-size:1px;--awb-icon-size:13px;--awb-content-font-size:15px;--awb-icon-alignment:left;--awb-hover-color:#f9f9f9;--awb-border-color:#cccccc;--awb-background-color:#ffffff;--awb-divider-color:#ffffff;--awb-divider-hover-color:#ffffff;--awb-icon-color:#ffffff;--awb-title-color:#333333;--awb-content-color:#747474;--awb-icon-box-color:#333333;--awb-toggle-hover-accent-color:#9b7c4f;--awb-title-font-family:&quot;Open Sans&quot;;--awb-title-font-weight:regular;--awb-title-font-style:normal;--awb-title-font-size:20px;--awb-content-font-family:&quot;Open Sans&quot;;--awb-content-font-style:normal;--awb-content-font-weight:regular;\"><div class=\"panel-group fusion-toggle-icon-boxed\" id=\"accordion-23147-1\"><div class=\"fusion-panel panel-default panel-0c3827e104e241277 fusion-toggle-has-divider\"><div class=\"panel-heading\"><h4 class=\"panel-title toggle\" id=\"toggle_0c3827e104e241277\"><a aria-expanded=\"false\" aria-controls=\"0c3827e104e241277\" role=\"button\" data-toggle=\"collapse\" data-parent=\"#accordion-23147-1\" data-target=\"#0c3827e104e241277\" href=\"#0c3827e104e241277\"><span class=\"fusion-toggle-icon-wrapper\" aria-hidden=\"true\"><i class=\"fa-fusion-box active-icon awb-icon-minus\" aria-hidden=\"true\"><\/i><i class=\"fa-fusion-box inactive-icon awb-icon-plus\" aria-hidden=\"true\"><\/i><\/span><span class=\"fusion-toggle-heading\">Biograf\u00eda de \/ Biography of Pablo Alcalde<\/span><\/a><\/h4><\/div><div id=\"0c3827e104e241277\" class=\"panel-collapse collapse \" aria-labelledby=\"toggle_0c3827e104e241277\"><div class=\"panel-body toggle-content fusion-clearfix\">\n<p><span style=\"color: #000000;\">Soy un ilustrador nacido en Badajoz y residente en Madrid. Aunque mayormente autodidacta, mi primera formaci\u00f3n fue en la Escuela de Artes y Oficios de Badajoz, posteriormente en la Academia de comic de Carlos Javier Olivares, as\u00ed como el Certificado de Profesionalidad de Ilustraci\u00f3n por la Comunidad de Madrid, sin dejar de formarme y evolucionar por m\u00ed mismo durante toda mi vida como he comentado .<\/span><\/p>\n<p><span style=\"color: #000000;\">En mi trabajo puede apreciarse una clara influencia proveniente del c\u00f3mic americano tanto cl\u00e1sico como m\u00e1s actual. Por otro lado, la est\u00e9tica, la tem\u00e1tica y los iconos de la cultura pop est\u00e1n muy presentes en mis ilustraciones, aunque siempre intentando fusionarlo con una visi\u00f3n actual. En mis obras trato de causar fascinaci\u00f3n e impactar al observador, buscando la emoci\u00f3n y a la vez la curiosidad del mismo.\u00a0<\/span><\/p>\n<p>Entre mis obras publicadas en comic\u00a0para el mercado USA est\u00e1 Femforce #127 para la editorial AC Comics, mi participaci\u00f3n en el proyecto Ricanstruction editado en colaboraci\u00f3n con DC Comics, y recientemente Big Bang Adventures: Knights of Justice #8 para Big Bang Comics (editorial anteriormente bajo el sello de Image Comics). Por otro lado he realizado varias car\u00e1tulas para artistas musicales del \u00e1mbito de la m\u00fasica urbana as\u00ed como colaboraciones para la revista Enlace Funk. Mi m\u00e1s reciente colaboraci\u00f3n esta siendo con la marca Balm Tattoo en el \u00e1mbito de la promoci\u00f3n y packaging de la marca.<\/p>\n<\/div><\/div><\/div><\/div><\/div><div class=\"fusion-clearfix\"><\/div><\/div><\/div><div class=\"fusion-layout-column fusion_builder_column fusion-builder-column-1 fusion_builder_column_1_1 1_1 fusion-one-full fusion-column-first fusion-column-last fusion-column-no-min-height\" style=\"--awb-bg-size:cover;--awb-margin-bottom:0px;\"><div class=\"fusion-column-wrapper fusion-flex-column-wrapper-legacy\"><div class=\"fusion-text fusion-text-1\">\n\t\t<style type=\"text\/css\">\n\t\t\t#gallery-1 {\n\t\t\t\tmargin: auto;\n\t\t\t}\n\t\t\t#gallery-1 .gallery-item {\n\t\t\t\tfloat: left;\n\t\t\t\tmargin-top: 10px;\n\t\t\t\ttext-align: center;\n\t\t\t\twidth: 100%;\n\t\t\t}\n\t\t\t#gallery-1 img {\n\t\t\t\tborder: 2px solid #cfcfcf;\n\t\t\t}\n\t\t\t#gallery-1 .gallery-caption {\n\t\t\t\tmargin-left: 0;\n\t\t\t}\n\t\t\t\/* see gallery_shortcode() in wp-includes\/media.php *\/\n\t\t<\/style>\n\t\t<div id='gallery-1' class='gallery galleryid-23147 gallery-columns-1 gallery-size-full'><dl class='gallery-item'>\n\t\t\t<dt class='gallery-icon portrait'>\n\t\t\t\t<a data-rel=\"iLightbox[postimages]\" data-title=\"agencia-de-ilustracion-june-illustration-ilustrador-pablo-alcalde-ilustracion-black-fridaylow\" data-caption=\"\" href='https:\/\/www.june-illustration.com\/wp-content\/uploads\/agencia-de-ilustracion-june-illustration-ilustrador-pablo-alcalde-ilustracion-black-fridaylow.jpg'><img decoding=\"async\" width=\"600\" height=\"849\" src=\"https:\/\/www.june-illustration.com\/wp-content\/uploads\/agencia-de-ilustracion-june-illustration-ilustrador-pablo-alcalde-ilustracion-black-fridaylow.jpg\" class=\"attachment-full size-full\" alt=\"\" srcset=\"https:\/\/www.june-illustration.com\/wp-content\/uploads\/agencia-de-ilustracion-june-illustration-ilustrador-pablo-alcalde-ilustracion-black-fridaylow-200x283.jpg 200w, https:\/\/www.june-illustration.com\/wp-content\/uploads\/agencia-de-ilustracion-june-illustration-ilustrador-pablo-alcalde-ilustracion-black-fridaylow-212x300.jpg 212w, https:\/\/www.june-illustration.com\/wp-content\/uploads\/agencia-de-ilustracion-june-illustration-ilustrador-pablo-alcalde-ilustracion-black-fridaylow-400x566.jpg 400w, https:\/\/www.june-illustration.com\/wp-content\/uploads\/agencia-de-ilustracion-june-illustration-ilustrador-pablo-alcalde-ilustracion-black-fridaylow.jpg 600w\" sizes=\"(max-width: 600px) 100vw, 600px\" \/><\/a>\n\t\t\t<\/dt><\/dl><br style=\"clear: both\" \/><dl class='gallery-item'>\n\t\t\t<dt class='gallery-icon landscape'>\n\t\t\t\t<a data-rel=\"iLightbox[postimages]\" data-title=\"agencia-de-ilustracion-june-illustration-ilustrador-pablo-alcalde-ilustracion-lcdlow\" data-caption=\"Agencia de ilustraci\u00f3n June Illustration, ilustrador Pablo Alcalde, la conductora de Prince\" href='https:\/\/www.june-illustration.com\/wp-content\/uploads\/agencia-de-ilustracion-june-illustration-ilustrador-pablo-alcalde-ilustracion-lcdlow.jpg'><img decoding=\"async\" width=\"591\" height=\"591\" src=\"https:\/\/www.june-illustration.com\/wp-content\/uploads\/agencia-de-ilustracion-june-illustration-ilustrador-pablo-alcalde-ilustracion-lcdlow.jpg\" class=\"attachment-full size-full\" alt=\"Agencia de ilustraci\u00f3n June Illustration, ilustrador Pablo Alcalde, la conductora de Prince\" aria-describedby=\"gallery-1-23123\" srcset=\"https:\/\/www.june-illustration.com\/wp-content\/uploads\/agencia-de-ilustracion-june-illustration-ilustrador-pablo-alcalde-ilustracion-lcdlow-66x66.jpg 66w, https:\/\/www.june-illustration.com\/wp-content\/uploads\/agencia-de-ilustracion-june-illustration-ilustrador-pablo-alcalde-ilustracion-lcdlow-150x150.jpg 150w, https:\/\/www.june-illustration.com\/wp-content\/uploads\/agencia-de-ilustracion-june-illustration-ilustrador-pablo-alcalde-ilustracion-lcdlow-200x200.jpg 200w, https:\/\/www.june-illustration.com\/wp-content\/uploads\/agencia-de-ilustracion-june-illustration-ilustrador-pablo-alcalde-ilustracion-lcdlow-300x300.jpg 300w, https:\/\/www.june-illustration.com\/wp-content\/uploads\/agencia-de-ilustracion-june-illustration-ilustrador-pablo-alcalde-ilustracion-lcdlow-400x400.jpg 400w, https:\/\/www.june-illustration.com\/wp-content\/uploads\/agencia-de-ilustracion-june-illustration-ilustrador-pablo-alcalde-ilustracion-lcdlow.jpg 591w\" sizes=\"(max-width: 591px) 100vw, 591px\" \/><\/a>\n\t\t\t<\/dt>\n\t\t\t\t<dd class='wp-caption-text gallery-caption' id='gallery-1-23123'>\n\t\t\t\tAgencia de ilustraci\u00f3n June Illustration, ilustrador Pablo Alcalde, la conductora de Prince\n\t\t\t\t<\/dd><\/dl><br style=\"clear: both\" \/><dl class='gallery-item'>\n\t\t\t<dt class='gallery-icon landscape'>\n\t\t\t\t<a data-rel=\"iLightbox[postimages]\" data-title=\"agencia-de-ilustracion-june-illustratio-ilustrador&#8211;pablo-alcalde-estilo-comic-32\" data-caption=\"\" href='https:\/\/www.june-illustration.com\/wp-content\/uploads\/agencia-de-ilustracion-june-illustratio-ilustrador-pablo-alcalde-estilo-comic-32.jpg'><img decoding=\"async\" width=\"872\" height=\"871\" src=\"https:\/\/www.june-illustration.com\/wp-content\/uploads\/agencia-de-ilustracion-june-illustratio-ilustrador-pablo-alcalde-estilo-comic-32.jpg\" class=\"attachment-full size-full\" alt=\"\" srcset=\"https:\/\/www.june-illustration.com\/wp-content\/uploads\/agencia-de-ilustracion-june-illustratio-ilustrador-pablo-alcalde-estilo-comic-32-66x66.jpg 66w, https:\/\/www.june-illustration.com\/wp-content\/uploads\/agencia-de-ilustracion-june-illustratio-ilustrador-pablo-alcalde-estilo-comic-32-150x150.jpg 150w, https:\/\/www.june-illustration.com\/wp-content\/uploads\/agencia-de-ilustracion-june-illustratio-ilustrador-pablo-alcalde-estilo-comic-32-200x200.jpg 200w, https:\/\/www.june-illustration.com\/wp-content\/uploads\/agencia-de-ilustracion-june-illustratio-ilustrador-pablo-alcalde-estilo-comic-32-300x300.jpg 300w, https:\/\/www.june-illustration.com\/wp-content\/uploads\/agencia-de-ilustracion-june-illustratio-ilustrador-pablo-alcalde-estilo-comic-32-400x400.jpg 400w, https:\/\/www.june-illustration.com\/wp-content\/uploads\/agencia-de-ilustracion-june-illustratio-ilustrador-pablo-alcalde-estilo-comic-32-600x599.jpg 600w, https:\/\/www.june-illustration.com\/wp-content\/uploads\/agencia-de-ilustracion-june-illustratio-ilustrador-pablo-alcalde-estilo-comic-32-768x767.jpg 768w, https:\/\/www.june-illustration.com\/wp-content\/uploads\/agencia-de-ilustracion-june-illustratio-ilustrador-pablo-alcalde-estilo-comic-32-800x799.jpg 800w, https:\/\/www.june-illustration.com\/wp-content\/uploads\/agencia-de-ilustracion-june-illustratio-ilustrador-pablo-alcalde-estilo-comic-32.jpg 872w\" sizes=\"(max-width: 872px) 100vw, 872px\" \/><\/a>\n\t\t\t<\/dt><\/dl><br style=\"clear: both\" \/><dl class='gallery-item'>\n\t\t\t<dt class='gallery-icon landscape'>\n\t\t\t\t<a data-rel=\"iLightbox[postimages]\" data-title=\"agencia-de-ilustracion-june-illustratio-ilustrador&#8211;pablo-alcalde-estilo-comic-33\" data-caption=\"\" href='https:\/\/www.june-illustration.com\/wp-content\/uploads\/agencia-de-ilustracion-june-illustratio-ilustrador-pablo-alcalde-estilo-comic-33.jpg'><img decoding=\"async\" width=\"869\" height=\"869\" src=\"https:\/\/www.june-illustration.com\/wp-content\/uploads\/agencia-de-ilustracion-june-illustratio-ilustrador-pablo-alcalde-estilo-comic-33.jpg\" class=\"attachment-full size-full\" alt=\"\" srcset=\"https:\/\/www.june-illustration.com\/wp-content\/uploads\/agencia-de-ilustracion-june-illustratio-ilustrador-pablo-alcalde-estilo-comic-33-66x66.jpg 66w, https:\/\/www.june-illustration.com\/wp-content\/uploads\/agencia-de-ilustracion-june-illustratio-ilustrador-pablo-alcalde-estilo-comic-33-150x150.jpg 150w, https:\/\/www.june-illustration.com\/wp-content\/uploads\/agencia-de-ilustracion-june-illustratio-ilustrador-pablo-alcalde-estilo-comic-33-200x200.jpg 200w, https:\/\/www.june-illustration.com\/wp-content\/uploads\/agencia-de-ilustracion-june-illustratio-ilustrador-pablo-alcalde-estilo-comic-33-300x300.jpg 300w, https:\/\/www.june-illustration.com\/wp-content\/uploads\/agencia-de-ilustracion-june-illustratio-ilustrador-pablo-alcalde-estilo-comic-33-400x400.jpg 400w, https:\/\/www.june-illustration.com\/wp-content\/uploads\/agencia-de-ilustracion-june-illustratio-ilustrador-pablo-alcalde-estilo-comic-33-600x600.jpg 600w, https:\/\/www.june-illustration.com\/wp-content\/uploads\/agencia-de-ilustracion-june-illustratio-ilustrador-pablo-alcalde-estilo-comic-33-768x768.jpg 768w, https:\/\/www.june-illustration.com\/wp-content\/uploads\/agencia-de-ilustracion-june-illustratio-ilustrador-pablo-alcalde-estilo-comic-33-800x800.jpg 800w, https:\/\/www.june-illustration.com\/wp-content\/uploads\/agencia-de-ilustracion-june-illustratio-ilustrador-pablo-alcalde-estilo-comic-33.jpg 869w\" sizes=\"(max-width: 869px) 100vw, 869px\" \/><\/a>\n\t\t\t<\/dt><\/dl><br style=\"clear: both\" \/><dl class='gallery-item'>\n\t\t\t<dt class='gallery-icon portrait'>\n\t\t\t\t<a data-rel=\"iLightbox[postimages]\" data-title=\"agencia-de-ilustracion-june-illustratio-ilustrador&#8211;pablo-alcalde-estilo-comic-31\" data-caption=\"\" href='https:\/\/www.june-illustration.com\/wp-content\/uploads\/agencia-de-ilustracion-june-illustratio-ilustrador-pablo-alcalde-estilo-comic-31.jpg'><img decoding=\"async\" width=\"868\" height=\"872\" src=\"https:\/\/www.june-illustration.com\/wp-content\/uploads\/agencia-de-ilustracion-june-illustratio-ilustrador-pablo-alcalde-estilo-comic-31.jpg\" class=\"attachment-full size-full\" alt=\"\" srcset=\"https:\/\/www.june-illustration.com\/wp-content\/uploads\/agencia-de-ilustracion-june-illustratio-ilustrador-pablo-alcalde-estilo-comic-31-66x66.jpg 66w, https:\/\/www.june-illustration.com\/wp-content\/uploads\/agencia-de-ilustracion-june-illustratio-ilustrador-pablo-alcalde-estilo-comic-31-150x150.jpg 150w, https:\/\/www.june-illustration.com\/wp-content\/uploads\/agencia-de-ilustracion-june-illustratio-ilustrador-pablo-alcalde-estilo-comic-31-200x201.jpg 200w, https:\/\/www.june-illustration.com\/wp-content\/uploads\/agencia-de-ilustracion-june-illustratio-ilustrador-pablo-alcalde-estilo-comic-31-300x300.jpg 300w, https:\/\/www.june-illustration.com\/wp-content\/uploads\/agencia-de-ilustracion-june-illustratio-ilustrador-pablo-alcalde-estilo-comic-31-400x402.jpg 400w, https:\/\/www.june-illustration.com\/wp-content\/uploads\/agencia-de-ilustracion-june-illustratio-ilustrador-pablo-alcalde-estilo-comic-31-600x603.jpg 600w, https:\/\/www.june-illustration.com\/wp-content\/uploads\/agencia-de-ilustracion-june-illustratio-ilustrador-pablo-alcalde-estilo-comic-31-768x772.jpg 768w, https:\/\/www.june-illustration.com\/wp-content\/uploads\/agencia-de-ilustracion-june-illustratio-ilustrador-pablo-alcalde-estilo-comic-31-800x804.jpg 800w, https:\/\/www.june-illustration.com\/wp-content\/uploads\/agencia-de-ilustracion-june-illustratio-ilustrador-pablo-alcalde-estilo-comic-31.jpg 868w\" sizes=\"(max-width: 868px) 100vw, 868px\" \/><\/a>\n\t\t\t<\/dt><\/dl><br style=\"clear: both\" \/><dl class='gallery-item'>\n\t\t\t<dt class='gallery-icon landscape'>\n\t\t\t\t<a data-rel=\"iLightbox[postimages]\" data-title=\"agencia-de-ilustracion-june-illustration-ilustrador-pablo-alcalde-ilustracion-adriana-ferrer\" data-caption=\"\" href='https:\/\/www.june-illustration.com\/wp-content\/uploads\/agencia-de-ilustracion-june-illustration-ilustrador-pablo-alcalde-ilustracion-adriana-ferrer.jpg'><img decoding=\"async\" width=\"700\" height=\"700\" src=\"https:\/\/www.june-illustration.com\/wp-content\/uploads\/agencia-de-ilustracion-june-illustration-ilustrador-pablo-alcalde-ilustracion-adriana-ferrer.jpg\" class=\"attachment-full size-full\" alt=\"\" srcset=\"https:\/\/www.june-illustration.com\/wp-content\/uploads\/agencia-de-ilustracion-june-illustration-ilustrador-pablo-alcalde-ilustracion-adriana-ferrer-66x66.jpg 66w, https:\/\/www.june-illustration.com\/wp-content\/uploads\/agencia-de-ilustracion-june-illustration-ilustrador-pablo-alcalde-ilustracion-adriana-ferrer-150x150.jpg 150w, https:\/\/www.june-illustration.com\/wp-content\/uploads\/agencia-de-ilustracion-june-illustration-ilustrador-pablo-alcalde-ilustracion-adriana-ferrer-200x200.jpg 200w, https:\/\/www.june-illustration.com\/wp-content\/uploads\/agencia-de-ilustracion-june-illustration-ilustrador-pablo-alcalde-ilustracion-adriana-ferrer-300x300.jpg 300w, https:\/\/www.june-illustration.com\/wp-content\/uploads\/agencia-de-ilustracion-june-illustration-ilustrador-pablo-alcalde-ilustracion-adriana-ferrer-400x400.jpg 400w, https:\/\/www.june-illustration.com\/wp-content\/uploads\/agencia-de-ilustracion-june-illustration-ilustrador-pablo-alcalde-ilustracion-adriana-ferrer-600x600.jpg 600w, https:\/\/www.june-illustration.com\/wp-content\/uploads\/agencia-de-ilustracion-june-illustration-ilustrador-pablo-alcalde-ilustracion-adriana-ferrer.jpg 700w\" sizes=\"(max-width: 700px) 100vw, 700px\" \/><\/a>\n\t\t\t<\/dt><\/dl><br style=\"clear: both\" \/><dl class='gallery-item'>\n\t\t\t<dt class='gallery-icon landscape'>\n\t\t\t\t<a data-rel=\"iLightbox[postimages]\" data-title=\"agencia-de-ilustracion-june-illustratio-ilustrador&#8211;pablo-alcalde-estilo-comic-30\" data-caption=\"\" href='https:\/\/www.june-illustration.com\/wp-content\/uploads\/agencia-de-ilustracion-june-illustratio-ilustrador-pablo-alcalde-estilo-comic-30.jpg'><img decoding=\"async\" width=\"870\" height=\"867\" src=\"https:\/\/www.june-illustration.com\/wp-content\/uploads\/agencia-de-ilustracion-june-illustratio-ilustrador-pablo-alcalde-estilo-comic-30.jpg\" class=\"attachment-full size-full\" alt=\"\" srcset=\"https:\/\/www.june-illustration.com\/wp-content\/uploads\/agencia-de-ilustracion-june-illustratio-ilustrador-pablo-alcalde-estilo-comic-30-66x66.jpg 66w, https:\/\/www.june-illustration.com\/wp-content\/uploads\/agencia-de-ilustracion-june-illustratio-ilustrador-pablo-alcalde-estilo-comic-30-150x150.jpg 150w, https:\/\/www.june-illustration.com\/wp-content\/uploads\/agencia-de-ilustracion-june-illustratio-ilustrador-pablo-alcalde-estilo-comic-30-200x199.jpg 200w, https:\/\/www.june-illustration.com\/wp-content\/uploads\/agencia-de-ilustracion-june-illustratio-ilustrador-pablo-alcalde-estilo-comic-30-300x300.jpg 300w, https:\/\/www.june-illustration.com\/wp-content\/uploads\/agencia-de-ilustracion-june-illustratio-ilustrador-pablo-alcalde-estilo-comic-30-400x399.jpg 400w, https:\/\/www.june-illustration.com\/wp-content\/uploads\/agencia-de-ilustracion-june-illustratio-ilustrador-pablo-alcalde-estilo-comic-30-600x598.jpg 600w, https:\/\/www.june-illustration.com\/wp-content\/uploads\/agencia-de-ilustracion-june-illustratio-ilustrador-pablo-alcalde-estilo-comic-30-768x765.jpg 768w, https:\/\/www.june-illustration.com\/wp-content\/uploads\/agencia-de-ilustracion-june-illustratio-ilustrador-pablo-alcalde-estilo-comic-30-800x797.jpg 800w, https:\/\/www.june-illustration.com\/wp-content\/uploads\/agencia-de-ilustracion-june-illustratio-ilustrador-pablo-alcalde-estilo-comic-30.jpg 870w\" sizes=\"(max-width: 870px) 100vw, 870px\" \/><\/a>\n\t\t\t<\/dt><\/dl><br style=\"clear: both\" \/><dl class='gallery-item'>\n\t\t\t<dt class='gallery-icon portrait'>\n\t\t\t\t<a data-rel=\"iLightbox[postimages]\" data-title=\"agencia-de-ilustracion-june-illustration-ilustrador-pablo-alcalde-ilustracion-vanity300nolyricslow\" data-caption=\"\" href='https:\/\/www.june-illustration.com\/wp-content\/uploads\/agencia-de-ilustracion-june-illustration-ilustrador-pablo-alcalde-ilustracion-vanity300nolyricslow.jpg'><img decoding=\"async\" width=\"501\" height=\"709\" src=\"https:\/\/www.june-illustration.com\/wp-content\/uploads\/agencia-de-ilustracion-june-illustration-ilustrador-pablo-alcalde-ilustracion-vanity300nolyricslow.jpg\" class=\"attachment-full size-full\" alt=\"\" srcset=\"https:\/\/www.june-illustration.com\/wp-content\/uploads\/agencia-de-ilustracion-june-illustration-ilustrador-pablo-alcalde-ilustracion-vanity300nolyricslow-200x283.jpg 200w, https:\/\/www.june-illustration.com\/wp-content\/uploads\/agencia-de-ilustracion-june-illustration-ilustrador-pablo-alcalde-ilustracion-vanity300nolyricslow-212x300.jpg 212w, https:\/\/www.june-illustration.com\/wp-content\/uploads\/agencia-de-ilustracion-june-illustration-ilustrador-pablo-alcalde-ilustracion-vanity300nolyricslow-400x566.jpg 400w, https:\/\/www.june-illustration.com\/wp-content\/uploads\/agencia-de-ilustracion-june-illustration-ilustrador-pablo-alcalde-ilustracion-vanity300nolyricslow.jpg 501w\" sizes=\"(max-width: 501px) 100vw, 501px\" \/><\/a>\n\t\t\t<\/dt><\/dl><br style=\"clear: both\" \/><dl class='gallery-item'>\n\t\t\t<dt class='gallery-icon portrait'>\n\t\t\t\t<a data-rel=\"iLightbox[postimages]\" data-title=\"agencia-de-ilustracion-june-illustratio-ilustrador&#8211;pablo-alcalde-estilo-comic-27\" data-caption=\"\" href='https:\/\/www.june-illustration.com\/wp-content\/uploads\/agencia-de-ilustracion-june-illustratio-ilustrador-pablo-alcalde-estilo-comic-27.jpg'><img decoding=\"async\" width=\"793\" height=\"869\" src=\"https:\/\/www.june-illustration.com\/wp-content\/uploads\/agencia-de-ilustracion-june-illustratio-ilustrador-pablo-alcalde-estilo-comic-27.jpg\" class=\"attachment-full size-full\" alt=\"\" srcset=\"https:\/\/www.june-illustration.com\/wp-content\/uploads\/agencia-de-ilustracion-june-illustratio-ilustrador-pablo-alcalde-estilo-comic-27-200x219.jpg 200w, https:\/\/www.june-illustration.com\/wp-content\/uploads\/agencia-de-ilustracion-june-illustratio-ilustrador-pablo-alcalde-estilo-comic-27-274x300.jpg 274w, https:\/\/www.june-illustration.com\/wp-content\/uploads\/agencia-de-ilustracion-june-illustratio-ilustrador-pablo-alcalde-estilo-comic-27-400x438.jpg 400w, https:\/\/www.june-illustration.com\/wp-content\/uploads\/agencia-de-ilustracion-june-illustratio-ilustrador-pablo-alcalde-estilo-comic-27-600x658.jpg 600w, https:\/\/www.june-illustration.com\/wp-content\/uploads\/agencia-de-ilustracion-june-illustratio-ilustrador-pablo-alcalde-estilo-comic-27-768x842.jpg 768w, https:\/\/www.june-illustration.com\/wp-content\/uploads\/agencia-de-ilustracion-june-illustratio-ilustrador-pablo-alcalde-estilo-comic-27.jpg 793w\" sizes=\"(max-width: 793px) 100vw, 793px\" \/><\/a>\n\t\t\t<\/dt><\/dl><br style=\"clear: both\" \/><dl class='gallery-item'>\n\t\t\t<dt class='gallery-icon portrait'>\n\t\t\t\t<a data-rel=\"iLightbox[postimages]\" data-title=\"agencia-de-ilustracion-june-illustratio-ilustrador&#8211;pablo-alcalde-estilo-comic-28\" data-caption=\"\" href='https:\/\/www.june-illustration.com\/wp-content\/uploads\/agencia-de-ilustracion-june-illustratio-ilustrador-pablo-alcalde-estilo-comic-28.jpg'><img decoding=\"async\" width=\"792\" height=\"868\" src=\"https:\/\/www.june-illustration.com\/wp-content\/uploads\/agencia-de-ilustracion-june-illustratio-ilustrador-pablo-alcalde-estilo-comic-28.jpg\" class=\"attachment-full size-full\" alt=\"\" srcset=\"https:\/\/www.june-illustration.com\/wp-content\/uploads\/agencia-de-ilustracion-june-illustratio-ilustrador-pablo-alcalde-estilo-comic-28-200x219.jpg 200w, https:\/\/www.june-illustration.com\/wp-content\/uploads\/agencia-de-ilustracion-june-illustratio-ilustrador-pablo-alcalde-estilo-comic-28-274x300.jpg 274w, https:\/\/www.june-illustration.com\/wp-content\/uploads\/agencia-de-ilustracion-june-illustratio-ilustrador-pablo-alcalde-estilo-comic-28-400x438.jpg 400w, https:\/\/www.june-illustration.com\/wp-content\/uploads\/agencia-de-ilustracion-june-illustratio-ilustrador-pablo-alcalde-estilo-comic-28-600x658.jpg 600w, https:\/\/www.june-illustration.com\/wp-content\/uploads\/agencia-de-ilustracion-june-illustratio-ilustrador-pablo-alcalde-estilo-comic-28-768x842.jpg 768w, https:\/\/www.june-illustration.com\/wp-content\/uploads\/agencia-de-ilustracion-june-illustratio-ilustrador-pablo-alcalde-estilo-comic-28.jpg 792w\" sizes=\"(max-width: 792px) 100vw, 792px\" \/><\/a>\n\t\t\t<\/dt><\/dl><br style=\"clear: both\" \/><dl class='gallery-item'>\n\t\t\t<dt class='gallery-icon landscape'>\n\t\t\t\t<a data-rel=\"iLightbox[postimages]\" data-title=\"agencia-de-ilustracion-june-illustratio-ilustrador&#8211;pablo-alcalde-estilo-comic-15\" data-caption=\"\" href='https:\/\/www.june-illustration.com\/wp-content\/uploads\/agencia-de-ilustracion-june-illustratio-ilustrador-pablo-alcalde-estilo-comic-15.jpg'><img decoding=\"async\" width=\"873\" height=\"869\" src=\"https:\/\/www.june-illustration.com\/wp-content\/uploads\/agencia-de-ilustracion-june-illustratio-ilustrador-pablo-alcalde-estilo-comic-15.jpg\" class=\"attachment-full size-full\" alt=\"\" srcset=\"https:\/\/www.june-illustration.com\/wp-content\/uploads\/agencia-de-ilustracion-june-illustratio-ilustrador-pablo-alcalde-estilo-comic-15-66x66.jpg 66w, https:\/\/www.june-illustration.com\/wp-content\/uploads\/agencia-de-ilustracion-june-illustratio-ilustrador-pablo-alcalde-estilo-comic-15-150x150.jpg 150w, https:\/\/www.june-illustration.com\/wp-content\/uploads\/agencia-de-ilustracion-june-illustratio-ilustrador-pablo-alcalde-estilo-comic-15-200x199.jpg 200w, https:\/\/www.june-illustration.com\/wp-content\/uploads\/agencia-de-ilustracion-june-illustratio-ilustrador-pablo-alcalde-estilo-comic-15-300x300.jpg 300w, https:\/\/www.june-illustration.com\/wp-content\/uploads\/agencia-de-ilustracion-june-illustratio-ilustrador-pablo-alcalde-estilo-comic-15-400x398.jpg 400w, https:\/\/www.june-illustration.com\/wp-content\/uploads\/agencia-de-ilustracion-june-illustratio-ilustrador-pablo-alcalde-estilo-comic-15-600x597.jpg 600w, https:\/\/www.june-illustration.com\/wp-content\/uploads\/agencia-de-ilustracion-june-illustratio-ilustrador-pablo-alcalde-estilo-comic-15-768x764.jpg 768w, https:\/\/www.june-illustration.com\/wp-content\/uploads\/agencia-de-ilustracion-june-illustratio-ilustrador-pablo-alcalde-estilo-comic-15-800x796.jpg 800w, https:\/\/www.june-illustration.com\/wp-content\/uploads\/agencia-de-ilustracion-june-illustratio-ilustrador-pablo-alcalde-estilo-comic-15.jpg 873w\" sizes=\"(max-width: 873px) 100vw, 873px\" \/><\/a>\n\t\t\t<\/dt><\/dl><br style=\"clear: both\" \/><dl class='gallery-item'>\n\t\t\t<dt class='gallery-icon landscape'>\n\t\t\t\t<a data-rel=\"iLightbox[postimages]\" data-title=\"agencia-de-ilustracion-june-illustratio-ilustrador&#8211;pablo-alcalde-estilo-comic-16\" data-caption=\"\" href='https:\/\/www.june-illustration.com\/wp-content\/uploads\/agencia-de-ilustracion-june-illustratio-ilustrador-pablo-alcalde-estilo-comic-16.jpg'><img decoding=\"async\" width=\"872\" height=\"868\" src=\"https:\/\/www.june-illustration.com\/wp-content\/uploads\/agencia-de-ilustracion-june-illustratio-ilustrador-pablo-alcalde-estilo-comic-16.jpg\" class=\"attachment-full size-full\" alt=\"\" srcset=\"https:\/\/www.june-illustration.com\/wp-content\/uploads\/agencia-de-ilustracion-june-illustratio-ilustrador-pablo-alcalde-estilo-comic-16-66x66.jpg 66w, https:\/\/www.june-illustration.com\/wp-content\/uploads\/agencia-de-ilustracion-june-illustratio-ilustrador-pablo-alcalde-estilo-comic-16-150x150.jpg 150w, https:\/\/www.june-illustration.com\/wp-content\/uploads\/agencia-de-ilustracion-june-illustratio-ilustrador-pablo-alcalde-estilo-comic-16-200x199.jpg 200w, https:\/\/www.june-illustration.com\/wp-content\/uploads\/agencia-de-ilustracion-june-illustratio-ilustrador-pablo-alcalde-estilo-comic-16-300x300.jpg 300w, https:\/\/www.june-illustration.com\/wp-content\/uploads\/agencia-de-ilustracion-june-illustratio-ilustrador-pablo-alcalde-estilo-comic-16-400x398.jpg 400w, https:\/\/www.june-illustration.com\/wp-content\/uploads\/agencia-de-ilustracion-june-illustratio-ilustrador-pablo-alcalde-estilo-comic-16-600x597.jpg 600w, https:\/\/www.june-illustration.com\/wp-content\/uploads\/agencia-de-ilustracion-june-illustratio-ilustrador-pablo-alcalde-estilo-comic-16-768x764.jpg 768w, https:\/\/www.june-illustration.com\/wp-content\/uploads\/agencia-de-ilustracion-june-illustratio-ilustrador-pablo-alcalde-estilo-comic-16-800x796.jpg 800w, https:\/\/www.june-illustration.com\/wp-content\/uploads\/agencia-de-ilustracion-june-illustratio-ilustrador-pablo-alcalde-estilo-comic-16.jpg 872w\" sizes=\"(max-width: 872px) 100vw, 872px\" \/><\/a>\n\t\t\t<\/dt><\/dl><br style=\"clear: both\" \/><dl class='gallery-item'>\n\t\t\t<dt class='gallery-icon landscape'>\n\t\t\t\t<a data-rel=\"iLightbox[postimages]\" data-title=\"agencia-de-ilustracion-june-illustratio-ilustrador&#8211;pablo-alcalde-estilo-comic-17\" data-caption=\"\" href='https:\/\/www.june-illustration.com\/wp-content\/uploads\/agencia-de-ilustracion-june-illustratio-ilustrador-pablo-alcalde-estilo-comic-17.jpg'><img decoding=\"async\" width=\"866\" height=\"866\" src=\"https:\/\/www.june-illustration.com\/wp-content\/uploads\/agencia-de-ilustracion-june-illustratio-ilustrador-pablo-alcalde-estilo-comic-17.jpg\" class=\"attachment-full size-full\" alt=\"\" srcset=\"https:\/\/www.june-illustration.com\/wp-content\/uploads\/agencia-de-ilustracion-june-illustratio-ilustrador-pablo-alcalde-estilo-comic-17-66x66.jpg 66w, https:\/\/www.june-illustration.com\/wp-content\/uploads\/agencia-de-ilustracion-june-illustratio-ilustrador-pablo-alcalde-estilo-comic-17-150x150.jpg 150w, https:\/\/www.june-illustration.com\/wp-content\/uploads\/agencia-de-ilustracion-june-illustratio-ilustrador-pablo-alcalde-estilo-comic-17-200x200.jpg 200w, https:\/\/www.june-illustration.com\/wp-content\/uploads\/agencia-de-ilustracion-june-illustratio-ilustrador-pablo-alcalde-estilo-comic-17-300x300.jpg 300w, https:\/\/www.june-illustration.com\/wp-content\/uploads\/agencia-de-ilustracion-june-illustratio-ilustrador-pablo-alcalde-estilo-comic-17-400x400.jpg 400w, https:\/\/www.june-illustration.com\/wp-content\/uploads\/agencia-de-ilustracion-june-illustratio-ilustrador-pablo-alcalde-estilo-comic-17-600x600.jpg 600w, https:\/\/www.june-illustration.com\/wp-content\/uploads\/agencia-de-ilustracion-june-illustratio-ilustrador-pablo-alcalde-estilo-comic-17-768x768.jpg 768w, https:\/\/www.june-illustration.com\/wp-content\/uploads\/agencia-de-ilustracion-june-illustratio-ilustrador-pablo-alcalde-estilo-comic-17-800x800.jpg 800w, https:\/\/www.june-illustration.com\/wp-content\/uploads\/agencia-de-ilustracion-june-illustratio-ilustrador-pablo-alcalde-estilo-comic-17.jpg 866w\" sizes=\"(max-width: 866px) 100vw, 866px\" \/><\/a>\n\t\t\t<\/dt><\/dl><br style=\"clear: both\" \/><dl class='gallery-item'>\n\t\t\t<dt class='gallery-icon landscape'>\n\t\t\t\t<a data-rel=\"iLightbox[postimages]\" data-title=\"agencia-de-ilustracion-june-illustratio-ilustrador&#8211;pablo-alcalde-estilo-comic-29\" data-caption=\"\" href='https:\/\/www.june-illustration.com\/wp-content\/uploads\/agencia-de-ilustracion-june-illustratio-ilustrador-pablo-alcalde-estilo-comic-29.jpg'><img decoding=\"async\" width=\"871\" height=\"868\" src=\"https:\/\/www.june-illustration.com\/wp-content\/uploads\/agencia-de-ilustracion-june-illustratio-ilustrador-pablo-alcalde-estilo-comic-29.jpg\" class=\"attachment-full size-full\" alt=\"\" srcset=\"https:\/\/www.june-illustration.com\/wp-content\/uploads\/agencia-de-ilustracion-june-illustratio-ilustrador-pablo-alcalde-estilo-comic-29-66x66.jpg 66w, https:\/\/www.june-illustration.com\/wp-content\/uploads\/agencia-de-ilustracion-june-illustratio-ilustrador-pablo-alcalde-estilo-comic-29-150x150.jpg 150w, https:\/\/www.june-illustration.com\/wp-content\/uploads\/agencia-de-ilustracion-june-illustratio-ilustrador-pablo-alcalde-estilo-comic-29-200x199.jpg 200w, https:\/\/www.june-illustration.com\/wp-content\/uploads\/agencia-de-ilustracion-june-illustratio-ilustrador-pablo-alcalde-estilo-comic-29-300x300.jpg 300w, https:\/\/www.june-illustration.com\/wp-content\/uploads\/agencia-de-ilustracion-june-illustratio-ilustrador-pablo-alcalde-estilo-comic-29-400x399.jpg 400w, https:\/\/www.june-illustration.com\/wp-content\/uploads\/agencia-de-ilustracion-june-illustratio-ilustrador-pablo-alcalde-estilo-comic-29-600x598.jpg 600w, https:\/\/www.june-illustration.com\/wp-content\/uploads\/agencia-de-ilustracion-june-illustratio-ilustrador-pablo-alcalde-estilo-comic-29-768x765.jpg 768w, https:\/\/www.june-illustration.com\/wp-content\/uploads\/agencia-de-ilustracion-june-illustratio-ilustrador-pablo-alcalde-estilo-comic-29-800x797.jpg 800w, https:\/\/www.june-illustration.com\/wp-content\/uploads\/agencia-de-ilustracion-june-illustratio-ilustrador-pablo-alcalde-estilo-comic-29.jpg 871w\" sizes=\"(max-width: 871px) 100vw, 871px\" \/><\/a>\n\t\t\t<\/dt><\/dl><br style=\"clear: both\" \/><dl class='gallery-item'>\n\t\t\t<dt class='gallery-icon portrait'>\n\t\t\t\t<a data-rel=\"iLightbox[postimages]\" data-title=\"agencia-de-ilustracion-june-illustratio-ilustrador&#8211;pablo-alcalde-estilo-comic-22\" data-caption=\"\" href='https:\/\/www.june-illustration.com\/wp-content\/uploads\/agencia-de-ilustracion-june-illustratio-ilustrador-pablo-alcalde-estilo-comic-22.jpg'><img decoding=\"async\" width=\"695\" height=\"867\" src=\"https:\/\/www.june-illustration.com\/wp-content\/uploads\/agencia-de-ilustracion-june-illustratio-ilustrador-pablo-alcalde-estilo-comic-22.jpg\" class=\"attachment-full size-full\" alt=\"\" srcset=\"https:\/\/www.june-illustration.com\/wp-content\/uploads\/agencia-de-ilustracion-june-illustratio-ilustrador-pablo-alcalde-estilo-comic-22-200x249.jpg 200w, https:\/\/www.june-illustration.com\/wp-content\/uploads\/agencia-de-ilustracion-june-illustratio-ilustrador-pablo-alcalde-estilo-comic-22-240x300.jpg 240w, https:\/\/www.june-illustration.com\/wp-content\/uploads\/agencia-de-ilustracion-june-illustratio-ilustrador-pablo-alcalde-estilo-comic-22-400x499.jpg 400w, https:\/\/www.june-illustration.com\/wp-content\/uploads\/agencia-de-ilustracion-june-illustratio-ilustrador-pablo-alcalde-estilo-comic-22-600x748.jpg 600w, https:\/\/www.june-illustration.com\/wp-content\/uploads\/agencia-de-ilustracion-june-illustratio-ilustrador-pablo-alcalde-estilo-comic-22.jpg 695w\" sizes=\"(max-width: 695px) 100vw, 695px\" \/><\/a>\n\t\t\t<\/dt><\/dl><br style=\"clear: both\" \/><dl class='gallery-item'>\n\t\t\t<dt class='gallery-icon portrait'>\n\t\t\t\t<a data-rel=\"iLightbox[postimages]\" data-title=\"agencia-de-ilustracion-june-illustratio-ilustrador&#8211;pablo-alcalde-estilo-comic-23\" data-caption=\"\" href='https:\/\/www.june-illustration.com\/wp-content\/uploads\/agencia-de-ilustracion-june-illustratio-ilustrador-pablo-alcalde-estilo-comic-23.jpg'><img decoding=\"async\" width=\"698\" height=\"869\" src=\"https:\/\/www.june-illustration.com\/wp-content\/uploads\/agencia-de-ilustracion-june-illustratio-ilustrador-pablo-alcalde-estilo-comic-23.jpg\" class=\"attachment-full size-full\" alt=\"\" srcset=\"https:\/\/www.june-illustration.com\/wp-content\/uploads\/agencia-de-ilustracion-june-illustratio-ilustrador-pablo-alcalde-estilo-comic-23-200x249.jpg 200w, https:\/\/www.june-illustration.com\/wp-content\/uploads\/agencia-de-ilustracion-june-illustratio-ilustrador-pablo-alcalde-estilo-comic-23-241x300.jpg 241w, https:\/\/www.june-illustration.com\/wp-content\/uploads\/agencia-de-ilustracion-june-illustratio-ilustrador-pablo-alcalde-estilo-comic-23-400x498.jpg 400w, https:\/\/www.june-illustration.com\/wp-content\/uploads\/agencia-de-ilustracion-june-illustratio-ilustrador-pablo-alcalde-estilo-comic-23-600x747.jpg 600w, https:\/\/www.june-illustration.com\/wp-content\/uploads\/agencia-de-ilustracion-june-illustratio-ilustrador-pablo-alcalde-estilo-comic-23.jpg 698w\" sizes=\"(max-width: 698px) 100vw, 698px\" \/><\/a>\n\t\t\t<\/dt><\/dl><br style=\"clear: both\" \/><dl class='gallery-item'>\n\t\t\t<dt class='gallery-icon portrait'>\n\t\t\t\t<a data-rel=\"iLightbox[postimages]\" data-title=\"agencia-de-ilustracion-june-illustration-ilustrador-pablo-alcalde-ilustracion-1\" data-caption=\"\" href='https:\/\/www.june-illustration.com\/wp-content\/uploads\/agencia-de-ilustracion-june-illustration-ilustrador-pablo-alcalde-ilustracion-1.jpg'><img decoding=\"async\" width=\"591\" height=\"827\" src=\"https:\/\/www.june-illustration.com\/wp-content\/uploads\/agencia-de-ilustracion-june-illustration-ilustrador-pablo-alcalde-ilustracion-1.jpg\" class=\"attachment-full size-full\" alt=\"\" srcset=\"https:\/\/www.june-illustration.com\/wp-content\/uploads\/agencia-de-ilustracion-june-illustration-ilustrador-pablo-alcalde-ilustracion-1-200x280.jpg 200w, https:\/\/www.june-illustration.com\/wp-content\/uploads\/agencia-de-ilustracion-june-illustration-ilustrador-pablo-alcalde-ilustracion-1-214x300.jpg 214w, https:\/\/www.june-illustration.com\/wp-content\/uploads\/agencia-de-ilustracion-june-illustration-ilustrador-pablo-alcalde-ilustracion-1-400x560.jpg 400w, https:\/\/www.june-illustration.com\/wp-content\/uploads\/agencia-de-ilustracion-june-illustration-ilustrador-pablo-alcalde-ilustracion-1.jpg 591w\" sizes=\"(max-width: 591px) 100vw, 591px\" \/><\/a>\n\t\t\t<\/dt><\/dl><br style=\"clear: both\" \/><dl class='gallery-item'>\n\t\t\t<dt class='gallery-icon portrait'>\n\t\t\t\t<a data-rel=\"iLightbox[postimages]\" data-title=\"agencia-de-ilustracion-june-illustration-ilustrador-pablo-alcalde-ilustracion-comic-robin\" data-caption=\"\" href='https:\/\/www.june-illustration.com\/wp-content\/uploads\/agencia-de-ilustracion-june-illustration-ilustrador-pablo-alcalde-ilustracion-comic-robin.jpg'><img decoding=\"async\" width=\"591\" height=\"903\" src=\"https:\/\/www.june-illustration.com\/wp-content\/uploads\/agencia-de-ilustracion-june-illustration-ilustrador-pablo-alcalde-ilustracion-comic-robin.jpg\" class=\"attachment-full size-full\" alt=\"\" srcset=\"https:\/\/www.june-illustration.com\/wp-content\/uploads\/agencia-de-ilustracion-june-illustration-ilustrador-pablo-alcalde-ilustracion-comic-robin-196x300.jpg 196w, https:\/\/www.june-illustration.com\/wp-content\/uploads\/agencia-de-ilustracion-june-illustration-ilustrador-pablo-alcalde-ilustracion-comic-robin-200x306.jpg 200w, https:\/\/www.june-illustration.com\/wp-content\/uploads\/agencia-de-ilustracion-june-illustration-ilustrador-pablo-alcalde-ilustracion-comic-robin-400x611.jpg 400w, https:\/\/www.june-illustration.com\/wp-content\/uploads\/agencia-de-ilustracion-june-illustration-ilustrador-pablo-alcalde-ilustracion-comic-robin.jpg 591w\" sizes=\"(max-width: 591px) 100vw, 591px\" \/><\/a>\n\t\t\t<\/dt><\/dl><br style=\"clear: both\" \/><dl class='gallery-item'>\n\t\t\t<dt class='gallery-icon landscape'>\n\t\t\t\t<a data-rel=\"iLightbox[postimages]\" data-title=\"agencia-de-ilustracion-june-illustration-ilustrador-pablo-alcalde-ilustracion-cosmos-cover_lw\" data-caption=\"\" href='https:\/\/www.june-illustration.com\/wp-content\/uploads\/agencia-de-ilustracion-june-illustration-ilustrador-pablo-alcalde-ilustracion-cosmos-cover_lw.jpg'><img decoding=\"async\" width=\"950\" height=\"713\" src=\"https:\/\/www.june-illustration.com\/wp-content\/uploads\/agencia-de-ilustracion-june-illustration-ilustrador-pablo-alcalde-ilustracion-cosmos-cover_lw.jpg\" class=\"attachment-full size-full\" alt=\"\" srcset=\"https:\/\/www.june-illustration.com\/wp-content\/uploads\/agencia-de-ilustracion-june-illustration-ilustrador-pablo-alcalde-ilustracion-cosmos-cover_lw-200x150.jpg 200w, https:\/\/www.june-illustration.com\/wp-content\/uploads\/agencia-de-ilustracion-june-illustration-ilustrador-pablo-alcalde-ilustracion-cosmos-cover_lw-300x225.jpg 300w, https:\/\/www.june-illustration.com\/wp-content\/uploads\/agencia-de-ilustracion-june-illustration-ilustrador-pablo-alcalde-ilustracion-cosmos-cover_lw-400x300.jpg 400w, https:\/\/www.june-illustration.com\/wp-content\/uploads\/agencia-de-ilustracion-june-illustration-ilustrador-pablo-alcalde-ilustracion-cosmos-cover_lw-600x450.jpg 600w, https:\/\/www.june-illustration.com\/wp-content\/uploads\/agencia-de-ilustracion-june-illustration-ilustrador-pablo-alcalde-ilustracion-cosmos-cover_lw-768x576.jpg 768w, https:\/\/www.june-illustration.com\/wp-content\/uploads\/agencia-de-ilustracion-june-illustration-ilustrador-pablo-alcalde-ilustracion-cosmos-cover_lw-800x600.jpg 800w, https:\/\/www.june-illustration.com\/wp-content\/uploads\/agencia-de-ilustracion-june-illustration-ilustrador-pablo-alcalde-ilustracion-cosmos-cover_lw.jpg 950w\" sizes=\"(max-width: 950px) 100vw, 950px\" \/><\/a>\n\t\t\t<\/dt><\/dl><br style=\"clear: both\" \/><dl class='gallery-item'>\n\t\t\t<dt class='gallery-icon landscape'>\n\t\t\t\t<a data-rel=\"iLightbox[postimages]\" data-title=\"agencia-de-ilustracion-june-illustration-ilustrador-pablo-alcalde-ilustracion-abuan-final\" data-caption=\"\" href='https:\/\/www.june-illustration.com\/wp-content\/uploads\/agencia-de-ilustracion-june-illustration-ilustrador-pablo-alcalde-ilustracion-abuan-final.jpg'><img decoding=\"async\" width=\"800\" height=\"800\" src=\"https:\/\/www.june-illustration.com\/wp-content\/uploads\/agencia-de-ilustracion-june-illustration-ilustrador-pablo-alcalde-ilustracion-abuan-final.jpg\" class=\"attachment-full size-full\" alt=\"\" srcset=\"https:\/\/www.june-illustration.com\/wp-content\/uploads\/agencia-de-ilustracion-june-illustration-ilustrador-pablo-alcalde-ilustracion-abuan-final-66x66.jpg 66w, https:\/\/www.june-illustration.com\/wp-content\/uploads\/agencia-de-ilustracion-june-illustration-ilustrador-pablo-alcalde-ilustracion-abuan-final-150x150.jpg 150w, https:\/\/www.june-illustration.com\/wp-content\/uploads\/agencia-de-ilustracion-june-illustration-ilustrador-pablo-alcalde-ilustracion-abuan-final-200x200.jpg 200w, https:\/\/www.june-illustration.com\/wp-content\/uploads\/agencia-de-ilustracion-june-illustration-ilustrador-pablo-alcalde-ilustracion-abuan-final-300x300.jpg 300w, https:\/\/www.june-illustration.com\/wp-content\/uploads\/agencia-de-ilustracion-june-illustration-ilustrador-pablo-alcalde-ilustracion-abuan-final-400x400.jpg 400w, https:\/\/www.june-illustration.com\/wp-content\/uploads\/agencia-de-ilustracion-june-illustration-ilustrador-pablo-alcalde-ilustracion-abuan-final-600x600.jpg 600w, https:\/\/www.june-illustration.com\/wp-content\/uploads\/agencia-de-ilustracion-june-illustration-ilustrador-pablo-alcalde-ilustracion-abuan-final-768x768.jpg 768w, https:\/\/www.june-illustration.com\/wp-content\/uploads\/agencia-de-ilustracion-june-illustration-ilustrador-pablo-alcalde-ilustracion-abuan-final.jpg 800w\" sizes=\"(max-width: 800px) 100vw, 800px\" \/><\/a>\n\t\t\t<\/dt><\/dl><br style=\"clear: both\" \/><dl class='gallery-item'>\n\t\t\t<dt class='gallery-icon portrait'>\n\t\t\t\t<a data-rel=\"iLightbox[postimages]\" data-title=\"agencia-de-ilustracion-june-illustration-ilustrador-pablo-alcalde-ilustracion-2low\" data-caption=\"\" href='https:\/\/www.june-illustration.com\/wp-content\/uploads\/agencia-de-ilustracion-june-illustration-ilustrador-pablo-alcalde-ilustracion-2low.jpg'><img decoding=\"async\" width=\"591\" height=\"886\" src=\"https:\/\/www.june-illustration.com\/wp-content\/uploads\/agencia-de-ilustracion-june-illustration-ilustrador-pablo-alcalde-ilustracion-2low.jpg\" class=\"attachment-full size-full\" alt=\"\" srcset=\"https:\/\/www.june-illustration.com\/wp-content\/uploads\/agencia-de-ilustracion-june-illustration-ilustrador-pablo-alcalde-ilustracion-2low-200x300.jpg 200w, https:\/\/www.june-illustration.com\/wp-content\/uploads\/agencia-de-ilustracion-june-illustration-ilustrador-pablo-alcalde-ilustracion-2low-400x600.jpg 400w, https:\/\/www.june-illustration.com\/wp-content\/uploads\/agencia-de-ilustracion-june-illustration-ilustrador-pablo-alcalde-ilustracion-2low.jpg 591w\" sizes=\"(max-width: 591px) 100vw, 591px\" \/><\/a>\n\t\t\t<\/dt><\/dl><br style=\"clear: both\" \/><dl class='gallery-item'>\n\t\t\t<dt class='gallery-icon landscape'>\n\t\t\t\t<a data-rel=\"iLightbox[postimages]\" data-title=\"agencia-de-ilustracion-june-illustration-ilustrador-pablo-alcalde-ilustracion-new-canvas-3\" data-caption=\"\" href='https:\/\/www.june-illustration.com\/wp-content\/uploads\/agencia-de-ilustracion-june-illustration-ilustrador-pablo-alcalde-ilustracion-new-canvas-3.jpg'><img decoding=\"async\" width=\"800\" height=\"800\" src=\"https:\/\/www.june-illustration.com\/wp-content\/uploads\/agencia-de-ilustracion-june-illustration-ilustrador-pablo-alcalde-ilustracion-new-canvas-3.jpg\" class=\"attachment-full size-full\" alt=\"\" srcset=\"https:\/\/www.june-illustration.com\/wp-content\/uploads\/agencia-de-ilustracion-june-illustration-ilustrador-pablo-alcalde-ilustracion-new-canvas-3-66x66.jpg 66w, https:\/\/www.june-illustration.com\/wp-content\/uploads\/agencia-de-ilustracion-june-illustration-ilustrador-pablo-alcalde-ilustracion-new-canvas-3-150x150.jpg 150w, https:\/\/www.june-illustration.com\/wp-content\/uploads\/agencia-de-ilustracion-june-illustration-ilustrador-pablo-alcalde-ilustracion-new-canvas-3-200x200.jpg 200w, https:\/\/www.june-illustration.com\/wp-content\/uploads\/agencia-de-ilustracion-june-illustration-ilustrador-pablo-alcalde-ilustracion-new-canvas-3-300x300.jpg 300w, https:\/\/www.june-illustration.com\/wp-content\/uploads\/agencia-de-ilustracion-june-illustration-ilustrador-pablo-alcalde-ilustracion-new-canvas-3-400x400.jpg 400w, https:\/\/www.june-illustration.com\/wp-content\/uploads\/agencia-de-ilustracion-june-illustration-ilustrador-pablo-alcalde-ilustracion-new-canvas-3-600x600.jpg 600w, https:\/\/www.june-illustration.com\/wp-content\/uploads\/agencia-de-ilustracion-june-illustration-ilustrador-pablo-alcalde-ilustracion-new-canvas-3-768x768.jpg 768w, https:\/\/www.june-illustration.com\/wp-content\/uploads\/agencia-de-ilustracion-june-illustration-ilustrador-pablo-alcalde-ilustracion-new-canvas-3.jpg 800w\" sizes=\"(max-width: 800px) 100vw, 800px\" \/><\/a>\n\t\t\t<\/dt><\/dl><br style=\"clear: both\" \/><dl class='gallery-item'>\n\t\t\t<dt class='gallery-icon portrait'>\n\t\t\t\t<a data-rel=\"iLightbox[postimages]\" data-title=\"agencia-de-ilustracion-june-illustration-ilustrador-pablo-alcalde-ilustracion-pag-1-1\" data-caption=\"\" href='https:\/\/www.june-illustration.com\/wp-content\/uploads\/agencia-de-ilustracion-june-illustration-ilustrador-pablo-alcalde-ilustracion-pag-1-1.jpg'><img decoding=\"async\" width=\"700\" height=\"1050\" src=\"https:\/\/www.june-illustration.com\/wp-content\/uploads\/agencia-de-ilustracion-june-illustration-ilustrador-pablo-alcalde-ilustracion-pag-1-1.jpg\" class=\"attachment-full size-full\" alt=\"\" srcset=\"https:\/\/www.june-illustration.com\/wp-content\/uploads\/agencia-de-ilustracion-june-illustration-ilustrador-pablo-alcalde-ilustracion-pag-1-1-200x300.jpg 200w, https:\/\/www.june-illustration.com\/wp-content\/uploads\/agencia-de-ilustracion-june-illustration-ilustrador-pablo-alcalde-ilustracion-pag-1-1-400x600.jpg 400w, https:\/\/www.june-illustration.com\/wp-content\/uploads\/agencia-de-ilustracion-june-illustration-ilustrador-pablo-alcalde-ilustracion-pag-1-1-600x900.jpg 600w, https:\/\/www.june-illustration.com\/wp-content\/uploads\/agencia-de-ilustracion-june-illustration-ilustrador-pablo-alcalde-ilustracion-pag-1-1-683x1024.jpg 683w, https:\/\/www.june-illustration.com\/wp-content\/uploads\/agencia-de-ilustracion-june-illustration-ilustrador-pablo-alcalde-ilustracion-pag-1-1.jpg 700w\" sizes=\"(max-width: 700px) 100vw, 700px\" \/><\/a>\n\t\t\t<\/dt><\/dl><br style=\"clear: both\" \/><dl class='gallery-item'>\n\t\t\t<dt class='gallery-icon landscape'>\n\t\t\t\t<a data-rel=\"iLightbox[postimages]\" data-title=\"agencia-de-ilustracion-june-illustration-ilustrador-pablo-alcalde-ilustracion-pag-2-3-2\" data-caption=\"\" href='https:\/\/www.june-illustration.com\/wp-content\/uploads\/agencia-de-ilustracion-june-illustration-ilustrador-pablo-alcalde-ilustracion-pag-2-3-2.jpg'><img decoding=\"async\" width=\"1400\" height=\"1050\" src=\"https:\/\/www.june-illustration.com\/wp-content\/uploads\/agencia-de-ilustracion-june-illustration-ilustrador-pablo-alcalde-ilustracion-pag-2-3-2.jpg\" class=\"attachment-full size-full\" alt=\"\" srcset=\"https:\/\/www.june-illustration.com\/wp-content\/uploads\/agencia-de-ilustracion-june-illustration-ilustrador-pablo-alcalde-ilustracion-pag-2-3-2-200x150.jpg 200w, https:\/\/www.june-illustration.com\/wp-content\/uploads\/agencia-de-ilustracion-june-illustration-ilustrador-pablo-alcalde-ilustracion-pag-2-3-2-300x225.jpg 300w, https:\/\/www.june-illustration.com\/wp-content\/uploads\/agencia-de-ilustracion-june-illustration-ilustrador-pablo-alcalde-ilustracion-pag-2-3-2-400x300.jpg 400w, https:\/\/www.june-illustration.com\/wp-content\/uploads\/agencia-de-ilustracion-june-illustration-ilustrador-pablo-alcalde-ilustracion-pag-2-3-2-600x450.jpg 600w, https:\/\/www.june-illustration.com\/wp-content\/uploads\/agencia-de-ilustracion-june-illustration-ilustrador-pablo-alcalde-ilustracion-pag-2-3-2-768x576.jpg 768w, https:\/\/www.june-illustration.com\/wp-content\/uploads\/agencia-de-ilustracion-june-illustration-ilustrador-pablo-alcalde-ilustracion-pag-2-3-2-800x600.jpg 800w, https:\/\/www.june-illustration.com\/wp-content\/uploads\/agencia-de-ilustracion-june-illustration-ilustrador-pablo-alcalde-ilustracion-pag-2-3-2-1024x768.jpg 1024w, https:\/\/www.june-illustration.com\/wp-content\/uploads\/agencia-de-ilustracion-june-illustration-ilustrador-pablo-alcalde-ilustracion-pag-2-3-2-1200x900.jpg 1200w, https:\/\/www.june-illustration.com\/wp-content\/uploads\/agencia-de-ilustracion-june-illustration-ilustrador-pablo-alcalde-ilustracion-pag-2-3-2.jpg 1400w\" sizes=\"(max-width: 1400px) 100vw, 1400px\" \/><\/a>\n\t\t\t<\/dt><\/dl><br style=\"clear: both\" \/><dl class='gallery-item'>\n\t\t\t<dt class='gallery-icon portrait'>\n\t\t\t\t<a data-rel=\"iLightbox[postimages]\" data-title=\"agencia-de-ilustracion-june-illustration-ilustrador-pablo-alcalde-ilustracion-page-1\" data-caption=\"\" href='https:\/\/www.june-illustration.com\/wp-content\/uploads\/agencia-de-ilustracion-june-illustration-ilustrador-pablo-alcalde-ilustracion-page-1.jpg'><img decoding=\"async\" width=\"591\" height=\"903\" src=\"https:\/\/www.june-illustration.com\/wp-content\/uploads\/agencia-de-ilustracion-june-illustration-ilustrador-pablo-alcalde-ilustracion-page-1.jpg\" class=\"attachment-full size-full\" alt=\"\" srcset=\"https:\/\/www.june-illustration.com\/wp-content\/uploads\/agencia-de-ilustracion-june-illustration-ilustrador-pablo-alcalde-ilustracion-page-1-196x300.jpg 196w, https:\/\/www.june-illustration.com\/wp-content\/uploads\/agencia-de-ilustracion-june-illustration-ilustrador-pablo-alcalde-ilustracion-page-1-200x306.jpg 200w, https:\/\/www.june-illustration.com\/wp-content\/uploads\/agencia-de-ilustracion-june-illustration-ilustrador-pablo-alcalde-ilustracion-page-1-400x611.jpg 400w, https:\/\/www.june-illustration.com\/wp-content\/uploads\/agencia-de-ilustracion-june-illustration-ilustrador-pablo-alcalde-ilustracion-page-1.jpg 591w\" sizes=\"(max-width: 591px) 100vw, 591px\" \/><\/a>\n\t\t\t<\/dt><\/dl><br style=\"clear: both\" \/><dl class='gallery-item'>\n\t\t\t<dt class='gallery-icon portrait'>\n\t\t\t\t<a data-rel=\"iLightbox[postimages]\" data-title=\"agencia-de-ilustracion-june-illustration-ilustrador-pablo-alcalde-ilustracion-red-sonja-1-300px\" data-caption=\"\" href='https:\/\/www.june-illustration.com\/wp-content\/uploads\/agencia-de-ilustracion-june-illustration-ilustrador-pablo-alcalde-ilustracion-red-sonja-1-300px.jpg'><img decoding=\"async\" width=\"591\" height=\"855\" src=\"https:\/\/www.june-illustration.com\/wp-content\/uploads\/agencia-de-ilustracion-june-illustration-ilustrador-pablo-alcalde-ilustracion-red-sonja-1-300px.jpg\" class=\"attachment-full size-full\" alt=\"\" srcset=\"https:\/\/www.june-illustration.com\/wp-content\/uploads\/agencia-de-ilustracion-june-illustration-ilustrador-pablo-alcalde-ilustracion-red-sonja-1-300px-200x289.jpg 200w, https:\/\/www.june-illustration.com\/wp-content\/uploads\/agencia-de-ilustracion-june-illustration-ilustrador-pablo-alcalde-ilustracion-red-sonja-1-300px-207x300.jpg 207w, https:\/\/www.june-illustration.com\/wp-content\/uploads\/agencia-de-ilustracion-june-illustration-ilustrador-pablo-alcalde-ilustracion-red-sonja-1-300px-400x579.jpg 400w, https:\/\/www.june-illustration.com\/wp-content\/uploads\/agencia-de-ilustracion-june-illustration-ilustrador-pablo-alcalde-ilustracion-red-sonja-1-300px.jpg 591w\" sizes=\"(max-width: 591px) 100vw, 591px\" \/><\/a>\n\t\t\t<\/dt><\/dl><br style=\"clear: both\" \/><dl class='gallery-item'>\n\t\t\t<dt class='gallery-icon landscape'>\n\t\t\t\t<a data-rel=\"iLightbox[postimages]\" data-title=\"agencia-de-ilustracion-june-illustration-ilustrador-pablo-alcalde-ilustracion-spotifylow\" data-caption=\"\" href='https:\/\/www.june-illustration.com\/wp-content\/uploads\/agencia-de-ilustracion-june-illustration-ilustrador-pablo-alcalde-ilustracion-spotifylow.jpg'><img decoding=\"async\" width=\"794\" height=\"794\" src=\"https:\/\/www.june-illustration.com\/wp-content\/uploads\/agencia-de-ilustracion-june-illustration-ilustrador-pablo-alcalde-ilustracion-spotifylow.jpg\" class=\"attachment-full size-full\" alt=\"\" srcset=\"https:\/\/www.june-illustration.com\/wp-content\/uploads\/agencia-de-ilustracion-june-illustration-ilustrador-pablo-alcalde-ilustracion-spotifylow-66x66.jpg 66w, https:\/\/www.june-illustration.com\/wp-content\/uploads\/agencia-de-ilustracion-june-illustration-ilustrador-pablo-alcalde-ilustracion-spotifylow-150x150.jpg 150w, https:\/\/www.june-illustration.com\/wp-content\/uploads\/agencia-de-ilustracion-june-illustration-ilustrador-pablo-alcalde-ilustracion-spotifylow-200x200.jpg 200w, https:\/\/www.june-illustration.com\/wp-content\/uploads\/agencia-de-ilustracion-june-illustration-ilustrador-pablo-alcalde-ilustracion-spotifylow-300x300.jpg 300w, https:\/\/www.june-illustration.com\/wp-content\/uploads\/agencia-de-ilustracion-june-illustration-ilustrador-pablo-alcalde-ilustracion-spotifylow-400x400.jpg 400w, https:\/\/www.june-illustration.com\/wp-content\/uploads\/agencia-de-ilustracion-june-illustration-ilustrador-pablo-alcalde-ilustracion-spotifylow-600x600.jpg 600w, https:\/\/www.june-illustration.com\/wp-content\/uploads\/agencia-de-ilustracion-june-illustration-ilustrador-pablo-alcalde-ilustracion-spotifylow-768x768.jpg 768w, https:\/\/www.june-illustration.com\/wp-content\/uploads\/agencia-de-ilustracion-june-illustration-ilustrador-pablo-alcalde-ilustracion-spotifylow.jpg 794w\" sizes=\"(max-width: 794px) 100vw, 794px\" \/><\/a>\n\t\t\t<\/dt><\/dl><br style=\"clear: both\" \/><dl class='gallery-item'>\n\t\t\t<dt class='gallery-icon landscape'>\n\t\t\t\t<a data-rel=\"iLightbox[postimages]\" data-title=\"agencia-de-ilustracion-june-illustratio-ilustrador&#8211;pablo-alcalde-estilo-comic-26\" data-caption=\"\" href='https:\/\/www.june-illustration.com\/wp-content\/uploads\/agencia-de-ilustracion-june-illustratio-ilustrador-pablo-alcalde-estilo-comic-26.jpg'><img decoding=\"async\" width=\"872\" height=\"869\" src=\"https:\/\/www.june-illustration.com\/wp-content\/uploads\/agencia-de-ilustracion-june-illustratio-ilustrador-pablo-alcalde-estilo-comic-26.jpg\" class=\"attachment-full size-full\" alt=\"\" srcset=\"https:\/\/www.june-illustration.com\/wp-content\/uploads\/agencia-de-ilustracion-june-illustratio-ilustrador-pablo-alcalde-estilo-comic-26-66x66.jpg 66w, https:\/\/www.june-illustration.com\/wp-content\/uploads\/agencia-de-ilustracion-june-illustratio-ilustrador-pablo-alcalde-estilo-comic-26-150x150.jpg 150w, https:\/\/www.june-illustration.com\/wp-content\/uploads\/agencia-de-ilustracion-june-illustratio-ilustrador-pablo-alcalde-estilo-comic-26-200x199.jpg 200w, https:\/\/www.june-illustration.com\/wp-content\/uploads\/agencia-de-ilustracion-june-illustratio-ilustrador-pablo-alcalde-estilo-comic-26-300x300.jpg 300w, https:\/\/www.june-illustration.com\/wp-content\/uploads\/agencia-de-ilustracion-june-illustratio-ilustrador-pablo-alcalde-estilo-comic-26-400x399.jpg 400w, https:\/\/www.june-illustration.com\/wp-content\/uploads\/agencia-de-ilustracion-june-illustratio-ilustrador-pablo-alcalde-estilo-comic-26-600x598.jpg 600w, https:\/\/www.june-illustration.com\/wp-content\/uploads\/agencia-de-ilustracion-june-illustratio-ilustrador-pablo-alcalde-estilo-comic-26-768x765.jpg 768w, https:\/\/www.june-illustration.com\/wp-content\/uploads\/agencia-de-ilustracion-june-illustratio-ilustrador-pablo-alcalde-estilo-comic-26-800x797.jpg 800w, https:\/\/www.june-illustration.com\/wp-content\/uploads\/agencia-de-ilustracion-june-illustratio-ilustrador-pablo-alcalde-estilo-comic-26.jpg 872w\" sizes=\"(max-width: 872px) 100vw, 872px\" \/><\/a>\n\t\t\t<\/dt><\/dl><br style=\"clear: both\" \/><dl class='gallery-item'>\n\t\t\t<dt class='gallery-icon portrait'>\n\t\t\t\t<a data-rel=\"iLightbox[postimages]\" data-title=\"agencia-de-ilustracion-june-illustratio-ilustrador&#8211;pablo-alcalde-estilo-comic-25\" data-caption=\"\" href='https:\/\/www.june-illustration.com\/wp-content\/uploads\/agencia-de-ilustracion-june-illustratio-ilustrador-pablo-alcalde-estilo-comic-25.jpg'><img decoding=\"async\" width=\"871\" height=\"872\" src=\"https:\/\/www.june-illustration.com\/wp-content\/uploads\/agencia-de-ilustracion-june-illustratio-ilustrador-pablo-alcalde-estilo-comic-25.jpg\" class=\"attachment-full size-full\" alt=\"\" srcset=\"https:\/\/www.june-illustration.com\/wp-content\/uploads\/agencia-de-ilustracion-june-illustratio-ilustrador-pablo-alcalde-estilo-comic-25-66x66.jpg 66w, https:\/\/www.june-illustration.com\/wp-content\/uploads\/agencia-de-ilustracion-june-illustratio-ilustrador-pablo-alcalde-estilo-comic-25-150x150.jpg 150w, https:\/\/www.june-illustration.com\/wp-content\/uploads\/agencia-de-ilustracion-june-illustratio-ilustrador-pablo-alcalde-estilo-comic-25-200x200.jpg 200w, https:\/\/www.june-illustration.com\/wp-content\/uploads\/agencia-de-ilustracion-june-illustratio-ilustrador-pablo-alcalde-estilo-comic-25-300x300.jpg 300w, https:\/\/www.june-illustration.com\/wp-content\/uploads\/agencia-de-ilustracion-june-illustratio-ilustrador-pablo-alcalde-estilo-comic-25-400x400.jpg 400w, https:\/\/www.june-illustration.com\/wp-content\/uploads\/agencia-de-ilustracion-june-illustratio-ilustrador-pablo-alcalde-estilo-comic-25-600x601.jpg 600w, https:\/\/www.june-illustration.com\/wp-content\/uploads\/agencia-de-ilustracion-june-illustratio-ilustrador-pablo-alcalde-estilo-comic-25-768x769.jpg 768w, https:\/\/www.june-illustration.com\/wp-content\/uploads\/agencia-de-ilustracion-june-illustratio-ilustrador-pablo-alcalde-estilo-comic-25-800x801.jpg 800w, https:\/\/www.june-illustration.com\/wp-content\/uploads\/agencia-de-ilustracion-june-illustratio-ilustrador-pablo-alcalde-estilo-comic-25.jpg 871w\" sizes=\"(max-width: 871px) 100vw, 871px\" \/><\/a>\n\t\t\t<\/dt><\/dl><br style=\"clear: both\" \/><dl class='gallery-item'>\n\t\t\t<dt class='gallery-icon landscape'>\n\t\t\t\t<a data-rel=\"iLightbox[postimages]\" data-title=\"agencia-de-ilustracion-june-illustratio-ilustrador&#8211;pablo-alcalde-estilo-comic-24\" data-caption=\"\" href='https:\/\/www.june-illustration.com\/wp-content\/uploads\/agencia-de-ilustracion-june-illustratio-ilustrador-pablo-alcalde-estilo-comic-24.jpg'><img decoding=\"async\" width=\"874\" height=\"873\" src=\"https:\/\/www.june-illustration.com\/wp-content\/uploads\/agencia-de-ilustracion-june-illustratio-ilustrador-pablo-alcalde-estilo-comic-24.jpg\" class=\"attachment-full size-full\" alt=\"\" srcset=\"https:\/\/www.june-illustration.com\/wp-content\/uploads\/agencia-de-ilustracion-june-illustratio-ilustrador-pablo-alcalde-estilo-comic-24-66x66.jpg 66w, https:\/\/www.june-illustration.com\/wp-content\/uploads\/agencia-de-ilustracion-june-illustratio-ilustrador-pablo-alcalde-estilo-comic-24-150x150.jpg 150w, https:\/\/www.june-illustration.com\/wp-content\/uploads\/agencia-de-ilustracion-june-illustratio-ilustrador-pablo-alcalde-estilo-comic-24-200x200.jpg 200w, https:\/\/www.june-illustration.com\/wp-content\/uploads\/agencia-de-ilustracion-june-illustratio-ilustrador-pablo-alcalde-estilo-comic-24-300x300.jpg 300w, https:\/\/www.june-illustration.com\/wp-content\/uploads\/agencia-de-ilustracion-june-illustratio-ilustrador-pablo-alcalde-estilo-comic-24-400x400.jpg 400w, https:\/\/www.june-illustration.com\/wp-content\/uploads\/agencia-de-ilustracion-june-illustratio-ilustrador-pablo-alcalde-estilo-comic-24-600x599.jpg 600w, https:\/\/www.june-illustration.com\/wp-content\/uploads\/agencia-de-ilustracion-june-illustratio-ilustrador-pablo-alcalde-estilo-comic-24-768x767.jpg 768w, https:\/\/www.june-illustration.com\/wp-content\/uploads\/agencia-de-ilustracion-june-illustratio-ilustrador-pablo-alcalde-estilo-comic-24-800x799.jpg 800w, https:\/\/www.june-illustration.com\/wp-content\/uploads\/agencia-de-ilustracion-june-illustratio-ilustrador-pablo-alcalde-estilo-comic-24.jpg 874w\" sizes=\"(max-width: 874px) 100vw, 874px\" \/><\/a>\n\t\t\t<\/dt><\/dl><br style=\"clear: both\" \/><dl class='gallery-item'>\n\t\t\t<dt class='gallery-icon portrait'>\n\t\t\t\t<a data-rel=\"iLightbox[postimages]\" data-title=\"agencia-de-ilustracion-june-illustratio-ilustrador&#8211;pablo-alcalde-estilo-comic-19\" data-caption=\"\" href='https:\/\/www.june-illustration.com\/wp-content\/uploads\/agencia-de-ilustracion-june-illustratio-ilustrador-pablo-alcalde-estilo-comic-19.jpg'><img decoding=\"async\" width=\"695\" height=\"867\" src=\"https:\/\/www.june-illustration.com\/wp-content\/uploads\/agencia-de-ilustracion-june-illustratio-ilustrador-pablo-alcalde-estilo-comic-19.jpg\" class=\"attachment-full size-full\" alt=\"\" srcset=\"https:\/\/www.june-illustration.com\/wp-content\/uploads\/agencia-de-ilustracion-june-illustratio-ilustrador-pablo-alcalde-estilo-comic-19-200x249.jpg 200w, https:\/\/www.june-illustration.com\/wp-content\/uploads\/agencia-de-ilustracion-june-illustratio-ilustrador-pablo-alcalde-estilo-comic-19-240x300.jpg 240w, https:\/\/www.june-illustration.com\/wp-content\/uploads\/agencia-de-ilustracion-june-illustratio-ilustrador-pablo-alcalde-estilo-comic-19-400x499.jpg 400w, https:\/\/www.june-illustration.com\/wp-content\/uploads\/agencia-de-ilustracion-june-illustratio-ilustrador-pablo-alcalde-estilo-comic-19-600x748.jpg 600w, https:\/\/www.june-illustration.com\/wp-content\/uploads\/agencia-de-ilustracion-june-illustratio-ilustrador-pablo-alcalde-estilo-comic-19.jpg 695w\" sizes=\"(max-width: 695px) 100vw, 695px\" \/><\/a>\n\t\t\t<\/dt><\/dl><br style=\"clear: both\" \/><dl class='gallery-item'>\n\t\t\t<dt class='gallery-icon portrait'>\n\t\t\t\t<a data-rel=\"iLightbox[postimages]\" data-title=\"agencia-de-ilustracion-june-illustratio-ilustrador&#8211;pablo-alcalde-estilo-comic-18\" data-caption=\"\" href='https:\/\/www.june-illustration.com\/wp-content\/uploads\/agencia-de-ilustracion-june-illustratio-ilustrador-pablo-alcalde-estilo-comic-18.jpg'><img decoding=\"async\" width=\"700\" height=\"872\" src=\"https:\/\/www.june-illustration.com\/wp-content\/uploads\/agencia-de-ilustracion-june-illustratio-ilustrador-pablo-alcalde-estilo-comic-18.jpg\" class=\"attachment-full size-full\" alt=\"\" srcset=\"https:\/\/www.june-illustration.com\/wp-content\/uploads\/agencia-de-ilustracion-june-illustratio-ilustrador-pablo-alcalde-estilo-comic-18-200x249.jpg 200w, https:\/\/www.june-illustration.com\/wp-content\/uploads\/agencia-de-ilustracion-june-illustratio-ilustrador-pablo-alcalde-estilo-comic-18-241x300.jpg 241w, https:\/\/www.june-illustration.com\/wp-content\/uploads\/agencia-de-ilustracion-june-illustratio-ilustrador-pablo-alcalde-estilo-comic-18-400x498.jpg 400w, https:\/\/www.june-illustration.com\/wp-content\/uploads\/agencia-de-ilustracion-june-illustratio-ilustrador-pablo-alcalde-estilo-comic-18-600x747.jpg 600w, https:\/\/www.june-illustration.com\/wp-content\/uploads\/agencia-de-ilustracion-june-illustratio-ilustrador-pablo-alcalde-estilo-comic-18.jpg 700w\" sizes=\"(max-width: 700px) 100vw, 700px\" \/><\/a>\n\t\t\t<\/dt><\/dl><br style=\"clear: both\" \/><dl class='gallery-item'>\n\t\t\t<dt class='gallery-icon portrait'>\n\t\t\t\t<a data-rel=\"iLightbox[postimages]\" data-title=\"agencia-de-ilustracion-june-illustratio-ilustrador&#8211;pablo-alcalde-estilo-comic-20\" data-caption=\"\" href='https:\/\/www.june-illustration.com\/wp-content\/uploads\/agencia-de-ilustracion-june-illustratio-ilustrador-pablo-alcalde-estilo-comic-20.jpg'><img decoding=\"async\" width=\"695\" height=\"872\" src=\"https:\/\/www.june-illustration.com\/wp-content\/uploads\/agencia-de-ilustracion-june-illustratio-ilustrador-pablo-alcalde-estilo-comic-20.jpg\" class=\"attachment-full size-full\" alt=\"\" srcset=\"https:\/\/www.june-illustration.com\/wp-content\/uploads\/agencia-de-ilustracion-june-illustratio-ilustrador-pablo-alcalde-estilo-comic-20-200x251.jpg 200w, https:\/\/www.june-illustration.com\/wp-content\/uploads\/agencia-de-ilustracion-june-illustratio-ilustrador-pablo-alcalde-estilo-comic-20-239x300.jpg 239w, https:\/\/www.june-illustration.com\/wp-content\/uploads\/agencia-de-ilustracion-june-illustratio-ilustrador-pablo-alcalde-estilo-comic-20-400x502.jpg 400w, https:\/\/www.june-illustration.com\/wp-content\/uploads\/agencia-de-ilustracion-june-illustratio-ilustrador-pablo-alcalde-estilo-comic-20-600x753.jpg 600w, https:\/\/www.june-illustration.com\/wp-content\/uploads\/agencia-de-ilustracion-june-illustratio-ilustrador-pablo-alcalde-estilo-comic-20.jpg 695w\" sizes=\"(max-width: 695px) 100vw, 695px\" \/><\/a>\n\t\t\t<\/dt><\/dl><br style=\"clear: both\" \/><dl class='gallery-item'>\n\t\t\t<dt class='gallery-icon portrait'>\n\t\t\t\t<a data-rel=\"iLightbox[postimages]\" data-title=\"agencia-de-ilustracion-june-illustratio-ilustrador&#8211;pablo-alcalde-estilo-comic-21\" data-caption=\"\" href='https:\/\/www.june-illustration.com\/wp-content\/uploads\/agencia-de-ilustracion-june-illustratio-ilustrador-pablo-alcalde-estilo-comic-21.jpg'><img decoding=\"async\" width=\"693\" height=\"871\" src=\"https:\/\/www.june-illustration.com\/wp-content\/uploads\/agencia-de-ilustracion-june-illustratio-ilustrador-pablo-alcalde-estilo-comic-21.jpg\" class=\"attachment-full size-full\" alt=\"\" srcset=\"https:\/\/www.june-illustration.com\/wp-content\/uploads\/agencia-de-ilustracion-june-illustratio-ilustrador-pablo-alcalde-estilo-comic-21-200x251.jpg 200w, https:\/\/www.june-illustration.com\/wp-content\/uploads\/agencia-de-ilustracion-june-illustratio-ilustrador-pablo-alcalde-estilo-comic-21-239x300.jpg 239w, https:\/\/www.june-illustration.com\/wp-content\/uploads\/agencia-de-ilustracion-june-illustratio-ilustrador-pablo-alcalde-estilo-comic-21-400x503.jpg 400w, https:\/\/www.june-illustration.com\/wp-content\/uploads\/agencia-de-ilustracion-june-illustratio-ilustrador-pablo-alcalde-estilo-comic-21-600x754.jpg 600w, https:\/\/www.june-illustration.com\/wp-content\/uploads\/agencia-de-ilustracion-june-illustratio-ilustrador-pablo-alcalde-estilo-comic-21.jpg 693w\" sizes=\"(max-width: 693px) 100vw, 693px\" \/><\/a>\n\t\t\t<\/dt><\/dl><br style=\"clear: both\" \/>\n\t\t<\/div>\n\n<div class=\"boton-info\"><\/div>\n<div id=\"gtx-trans\" style=\"position: absolute; left: 491px; top: 31px;\">\n<div class=\"gtx-trans-icon\"><\/div>\n<\/div>\n<\/div><div class=\"fusion-button-wrapper fusion-aligncenter\"><a class=\"fusion-button button-flat button-xlarge button-custom fusion-button-default button-1 fusion-button-default-span \" style=\"--button_accent_color:#9b7c4f;--button_border_color:#9b7c4f;--button_accent_hover_color:#9b7c4f;--button_border_hover_color:#9b7c4f;--button_border_width-top:5px;--button_border_width-right:5px;--button_border_width-bottom:5px;--button_border_width-left:5px;--button_gradient_top_color:#9b7c4f;--button_gradient_bottom_color:#9b7c4f;--button_gradient_top_color_hover:#fff;--button_gradient_bottom_color_hover:#fff;\" target=\"_blank\" rel=\"noopener noreferrer\" href=\"#\" data-toggle=\"modal\" data-target=\".fusion-modal.pedir-info\"><span class=\"fusion-button-text awb-button__text awb-button__text--default\">Request information<\/span><\/a><\/div><div class=\"fusion-sep-clear\"><\/div><div class=\"fusion-separator fusion-full-width-sep\" style=\"margin-left: auto;margin-right: auto;margin-top:55px;margin-bottom:0px;width:100%;\"><div class=\"fusion-separator-border sep-single\" style=\"--awb-height:20px;--awb-amount:20px;border-color:#ffffff;border-top-width:0px;\"><\/div><\/div><div class=\"fusion-sep-clear\"><\/div><div class=\"fusion-text fusion-text-2\"><p style=\"text-align: left;\">\n<\/div><div class=\"fusion-modal modal fade modal-1 pedir-info\" tabindex=\"-1\" role=\"dialog\" aria-labelledby=\"modal-heading-1\" aria-hidden=\"true\" style=\"--awb-border-color:#fff;--awb-background:#f3f3f3;\"><div class=\"modal-dialog modal-lg\" role=\"document\"><div class=\"modal-content fusion-modal-content\"><div class=\"modal-header\"><button class=\"close\" type=\"button\" data-dismiss=\"modal\" aria-hidden=\"true\" aria-label=\"Close\">&times;<\/button><h3 class=\"modal-title\" id=\"modal-heading-1\" data-dismiss=\"modal\" aria-hidden=\"true\">Solicitar informaci\u00f3n del ilustrador Pablo Alcalde<\/h3><\/div><div class=\"modal-body fusion-clearfix\">\n\n<div class=\"wpcf7 no-js\" id=\"wpcf7-f23145-o1\" lang=\"es-ES\" dir=\"ltr\" data-wpcf7-id=\"23145\">\n<div class=\"screen-reader-response\"><p role=\"status\" aria-live=\"polite\" aria-atomic=\"true\"><\/p> <ul><\/ul><\/div>\n<form action=\"\/en\/wp-json\/wp\/v2\/posts\/23147#wpcf7-f23145-o1\" method=\"post\" class=\"wpcf7-form init\" aria-label=\"Formulario de contacto\" novalidate=\"novalidate\" data-status=\"init\">\n<fieldset class=\"hidden-fields-container\"><input type=\"hidden\" name=\"_wpcf7\" value=\"23145\" \/><input type=\"hidden\" name=\"_wpcf7_version\" value=\"6.1.5\" \/><input type=\"hidden\" name=\"_wpcf7_locale\" value=\"es_ES\" \/><input type=\"hidden\" name=\"_wpcf7_unit_tag\" value=\"wpcf7-f23145-o1\" \/><input type=\"hidden\" name=\"_wpcf7_container_post\" value=\"0\" \/><input type=\"hidden\" name=\"_wpcf7_posted_data_hash\" value=\"\" \/><input type=\"hidden\" name=\"_wpcf7_recaptcha_response\" value=\"\" \/>\n<\/fieldset>\n<div style=\"width: 40%; margin: 0 5%; float: left; margin-bottom: 25px;\">\n\t<p>(*) Nombre \/ Name\n\t<\/p>\n\t<p><span class=\"wpcf7-form-control-wrap\" data-name=\"your-name\"><input size=\"40\" maxlength=\"400\" class=\"wpcf7-form-control wpcf7-text wpcf7-validates-as-required\" aria-required=\"true\" aria-invalid=\"false\" value=\"\" type=\"text\" name=\"your-name\" \/><\/span>\n\t<\/p>\n\t<p>(*) Tel\u00e9fono \/ Telephone\n\t<\/p>\n\t<p><span class=\"wpcf7-form-control-wrap\" data-name=\"tel-480\"><input size=\"40\" maxlength=\"400\" class=\"wpcf7-form-control wpcf7-tel wpcf7-validates-as-required wpcf7-text wpcf7-validates-as-tel\" aria-required=\"true\" aria-invalid=\"false\" value=\"\" type=\"tel\" name=\"tel-480\" \/><\/span>\n\t<\/p>\n\t<p>(*) Email\n\t<\/p>\n\t<p><span class=\"wpcf7-form-control-wrap\" data-name=\"email-578\"><input size=\"40\" maxlength=\"400\" class=\"wpcf7-form-control wpcf7-email wpcf7-validates-as-required wpcf7-text wpcf7-validates-as-email\" aria-required=\"true\" aria-invalid=\"false\" value=\"\" type=\"email\" name=\"email-578\" \/><\/span>\n\t<\/p>\n<\/div>\n<div style=\"width: 40%; margin: 0 5%; float: left; margin-bottom: 25px;\">\n\t<p>(*) Peque\u00f1a descripci\u00f3n del proyecto a desarrollar \/ Brief description of the project to develop\n\t<\/p>\n\t<p><span class=\"wpcf7-form-control-wrap\" data-name=\"textarea-862\"><textarea cols=\"40\" rows=\"10\" maxlength=\"2000\" class=\"wpcf7-form-control wpcf7-textarea\" aria-invalid=\"false\" name=\"textarea-862\"><\/textarea><\/span><br \/>\n<span class=\"asterisco\">(*) Todos los campos son obligatorios \/ All fields are mandatory<\/span>\n\t<\/p>\n<\/div>\n<p><input class=\"wpcf7-form-control wpcf7-submit has-spinner\" type=\"submit\" value=\"Enviar\" \/>\n<\/p><p style=\"display: none !important;\" class=\"akismet-fields-container\" data-prefix=\"_wpcf7_ak_\"><label>&#916;<textarea name=\"_wpcf7_ak_hp_textarea\" cols=\"45\" rows=\"8\" maxlength=\"100\"><\/textarea><\/label><input type=\"hidden\" id=\"ak_js_1\" name=\"_wpcf7_ak_js\" value=\"228\"\/><script>document.getElementById( \"ak_js_1\" ).setAttribute( \"value\", ( new Date() ).getTime() );<\/script><\/p><div class=\"fusion-alert alert custom alert-custom fusion-alert-center wpcf7-response-output fusion-alert-capitalize awb-alert-native-link-color alert-dismissable awb-alert-close-boxed\" style=\"--awb-border-size:1px;--awb-border-top-left-radius:0px;--awb-border-top-right-radius:0px;--awb-border-bottom-left-radius:0px;--awb-border-bottom-right-radius:0px;\" role=\"alert\"><div class=\"fusion-alert-content-wrapper\"><span class=\"fusion-alert-content\"><\/span><\/div><button type=\"button\" class=\"close toggle-alert\" data-dismiss=\"alert\" aria-label=\"Close\">&times;<\/button><\/div>\n<\/form>\n<\/div>\n\n<\/div><\/div><\/div><\/div><div class=\"fusion-text fusion-text-3\"><p style=\"text-align: center;\"><span id=\"subtituloEntrada\">Ilustrador Pablo Alcalde clasificado en los estilos \/ Ilustrator Pablo Alcalde classified in styles:<em><br \/>\n<a href=\"http:\/\/www.june-illustration.com\/agencia-de-ilustracion-estilo-caricatura-caricature\/\"> Caricatura \/ Caricature<\/a> &#8211; <a href=\"http:\/\/www.june-illustration.com\/agencia-de-ilustracion-estilo-ciencia-ficcion-sci-fi\/\"> Ciencia-Ficci\u00f3n \/Sci-Fi<\/a> &#8211; <a href=\"http:\/\/www.june-illustration.com\/agencia-de-ilustracion-estilo-comic\/\"> Comic<\/a> &#8211; <a href=\"http:\/\/www.june-illustration.com\/agencia-de-ilustracion-estilo-editorial\/\"> Editorial<\/a> &#8211; <a href=\"http:\/\/www.june-illustration.com\/agencia-de-ilustracion-estilo-fantastico-fantastic\/\"> Fant\u00e1stico \/ Fantastic<\/a> &#8211; <a href=\"http:\/\/www.june-illustration.com\/agencia-de-ilustracion-ilustradores-de-producto-product-illustrators\"> Ilustraci\u00f3n Producto \/ Product Illustration<\/a> &#8211; <a href=\"http:\/\/www.june-illustration.com\/agencia-de-ilustracion-estilo-personajes-characters\">Personajes \/ Characters<\/a> &#8211;\u00a0<a href=\"http:\/\/www.june-illustration.com\/agencia-de-ilustracion-estilo-publicitario-advertising\"> Publicitario \/ Advertising<\/a> &#8211; <a href=\"http:\/\/www.june-illustration.com\/agencia-de-ilustracion-estilo-retro-vintage\"> Retro \/ Vintage<\/a> &#8211; <a href=\"http:\/\/www.june-illustration.com\/agencia-de-ilustracion-estilo-storyboards\">Storyboards<\/a><br \/>\n<\/em><\/span><\/p>\n<\/div><div class=\"separar-paginacion-abajo\"><\/div><div class=\"fusion-clearfix\"><\/div><\/div><\/div><\/div><\/div><div class=\"fusion-fullwidth fullwidth-box fusion-builder-row-2 nonhundred-percent-fullwidth non-hundred-percent-height-scrolling\" style=\"--awb-border-radius-top-left:0px;--awb-border-radius-top-right:0px;--awb-border-radius-bottom-right:0px;--awb-border-radius-bottom-left:0px;--awb-flex-wrap:wrap;\" ><div class=\"fusion-builder-row fusion-row\"><div class=\"fusion-layout-column fusion_builder_column fusion-builder-column-2 fusion_builder_column_1_1 1_1 fusion-one-full fusion-column-first fusion-column-last\" style=\"--awb-bg-size:cover;--awb-margin-bottom:0px;\"><div class=\"fusion-column-wrapper fusion-flex-column-wrapper-legacy\"><div class=\"fusion-text fusion-text-4\"><\/div><div class=\"fusion-clearfix\"><\/div><\/div><\/div><\/div><\/div><\/p>\n","protected":false},"excerpt":{"rendered":"","protected":false},"author":1,"featured_media":23141,"comment_status":"open","ping_status":"open","sticky":false,"template":"","format":"standard","meta":{"footnotes":""},"categories":[261,239,207,220,241,208,212,222,258,255,246],"tags":[],"class_list":["post-23147","post","type-post","status-publish","format-standard","has-post-thumbnail","hentry","category-caricature-en","category-comic-en","category-editorial-en","category-fantastico-fantastic-en","category-ilustracion-de-producto-product-illustration-en","category-ilustradores-a-z-en","category-personajes-characters-en","category-publicitario-advertising-en","category-retro-vintage-en","category-sci-fi-en","category-storyboards-en"],"aioseo_notices":[],"_links":{"self":[{"href":"https:\/\/www.june-illustration.com\/en\/wp-json\/wp\/v2\/posts\/23147","targetHints":{"allow":["GET"]}}],"collection":[{"href":"https:\/\/www.june-illustration.com\/en\/wp-json\/wp\/v2\/posts"}],"about":[{"href":"https:\/\/www.june-illustration.com\/en\/wp-json\/wp\/v2\/types\/post"}],"author":[{"embeddable":true,"href":"https:\/\/www.june-illustration.com\/en\/wp-json\/wp\/v2\/users\/1"}],"replies":[{"embeddable":true,"href":"https:\/\/www.june-illustration.com\/en\/wp-json\/wp\/v2\/comments?post=23147"}],"version-history":[{"count":1,"href":"https:\/\/www.june-illustration.com\/en\/wp-json\/wp\/v2\/posts\/23147\/revisions"}],"predecessor-version":[{"id":25658,"href":"https:\/\/www.june-illustration.com\/en\/wp-json\/wp\/v2\/posts\/23147\/revisions\/25658"}],"wp:featuredmedia":[{"embeddable":true,"href":"https:\/\/www.june-illustration.com\/en\/wp-json\/wp\/v2\/media\/23141"}],"wp:attachment":[{"href":"https:\/\/www.june-illustration.com\/en\/wp-json\/wp\/v2\/media?parent=23147"}],"wp:term":[{"taxonomy":"category","embeddable":true,"href":"https:\/\/www.june-illustration.com\/en\/wp-json\/wp\/v2\/categories?post=23147"},{"taxonomy":"post_tag","embeddable":true,"href":"https:\/\/www.june-illustration.com\/en\/wp-json\/wp\/v2\/tags?post=23147"}],"curies":[{"name":"wp","href":"https:\/\/api.w.org\/{rel}","templated":true}]}}